{"id":68190,"date":"2021-04-27T11:00:05","date_gmt":"2021-04-27T11:00:05","guid":{"rendered":"https:\/\/www.federacao-triatlo.pt\/ftp2015\/?p=68190"},"modified":"2021-04-27T11:17:36","modified_gmt":"2021-04-27T11:17:36","slug":"curso-de-treinador-grau-i-e-ii","status":"publish","type":"post","link":"https:\/\/www.federacao-triatlo.pt\/ftp2015\/curso-de-treinador-grau-i-e-ii\/","title":{"rendered":"Curso de Treinador Grau I e II"},"content":{"rendered":"<p><strong>Os cursos de Treinador de Triatlo Grau I e II ter\u00e3o lugar nos meses de junho e julho 2021.<\/strong><br \/>\n<!--more--><\/p>\n<h3><strong>Curso Treinador de Triatlo Grau I <\/strong><\/h3>\n<p><strong>Data<\/strong>: 4 a 10 de junho de 2021<br \/>\n<strong>Local:<\/strong> S\u00e3o Miguel, Escola Secund\u00e1ria das Laranjeiras<\/p>\n<p>O curso de treinador de Triatlo Grau I tem como objetivo formar treinadores que enquadrem escal\u00f5es de forma\u00e7\u00e3o e atletas iniciantes do Triatlo.<\/p>\n<p>O curso de treinador de Triatlo Grau I, tem como objetivo formar treinadores que enquadrem escal\u00f5es de forma\u00e7\u00e3o e atletas iniciantes do Triatlo.<\/p>\n<p>\u00c9 divido em 3 componentes:<\/p>\n<p><strong>Geral<\/strong> &#8211; 36h, online, com a nossa parceira de forma\u00e7\u00e3o Gnosies;<\/p>\n<p><strong>Espec\u00edfica<\/strong> &#8211; 36h presenciais nos dias 4\/6 e 9\/9 das 18h30 \u00e0s 22h e 5,6 e 10\/6 das 9h \u00e0s 18h. Se ultrapassar o limite de 10% de faltas, ser\u00e1 exclu\u00eddo do curso.<\/p>\n<p><strong>Est\u00e1gio<\/strong> &#8211; 550h, aproximadamente uma \u00e9poca desportiva, em que se pretende que trabalhem no terreno, em treino e acompanhamento a competi\u00e7\u00f5es.<\/p>\n<p>A componente espec\u00edfica decorrer\u00e1 na Escola Secund\u00e1ria das Laranjeiras, em atividades te\u00f3ricas e pr\u00e1ticas.<\/p>\n<p>Limite de vagas: 25 formandos<\/p>\n<p>Crit\u00e9rios de sele\u00e7\u00e3o:<\/p>\n<ol>\n<li>Licenciados em Ci\u00eancias do Desporto ou detentores de TPTD de outra modalidade individual;<\/li>\n<li>Treinadores de outras modalidades associadas ao Triatlo;<\/li>\n<li>Outras inscri\u00e7\u00f5es, desde que habilitados com o 12\u00ba ano.<\/li>\n<\/ol>\n<p>Os candidatos selecionados ser\u00e3o contatados at\u00e9 dia 10\/5, para confirmarem a sua inscri\u00e7\u00e3o.<\/p>\n<h3>A inscri\u00e7\u00e3o ser\u00e1 gratuita <a href=\"https:\/\/forms.gle\/uGpmnZJ91piDoWy1A\">aqui\u00a0<\/a><\/h3>\n<p><!--more--><\/p>\n<h3><a href=\"https:\/\/www.federacao-triatlo.pt\/ftp2015\/wp-content\/uploads\/2021\/04\/CXT_8024-scaled.jpg\"><img decoding=\"async\" class=\"alignnone wp-image-67908 size-large\" src=\"https:\/\/www.federacao-triatlo.pt\/ftp2015\/wp-content\/uploads\/2021\/04\/CXT_8024-1024x691.jpg\" alt=\"\" width=\"1024\" height=\"691\" srcset=\"https:\/\/www.federacao-triatlo.pt\/ftp2015\/wp-content\/uploads\/2021\/04\/CXT_8024-200x135.jpg 200w, https:\/\/www.federacao-triatlo.pt\/ftp2015\/wp-content\/uploads\/2021\/04\/CXT_8024-300x203.jpg 300w, https:\/\/www.federacao-triatlo.pt\/ftp2015\/wp-content\/uploads\/2021\/04\/CXT_8024-400x270.jpg 400w, https:\/\/www.federacao-triatlo.pt\/ftp2015\/wp-content\/uploads\/2021\/04\/CXT_8024-500x338.jpg 500w, https:\/\/www.federacao-triatlo.pt\/ftp2015\/wp-content\/uploads\/2021\/04\/CXT_8024-600x405.jpg 600w, https:\/\/www.federacao-triatlo.pt\/ftp2015\/wp-content\/uploads\/2021\/04\/CXT_8024-768x518.jpg 768w, https:\/\/www.federacao-triatlo.pt\/ftp2015\/wp-content\/uploads\/2021\/04\/CXT_8024-800x540.jpg 800w, https:\/\/www.federacao-triatlo.pt\/ftp2015\/wp-content\/uploads\/2021\/04\/CXT_8024-1024x691.jpg 1024w, https:\/\/www.federacao-triatlo.pt\/ftp2015\/wp-content\/uploads\/2021\/04\/CXT_8024-1200x810.jpg 1200w, https:\/\/www.federacao-triatlo.pt\/ftp2015\/wp-content\/uploads\/2021\/04\/CXT_8024-1536x1037.jpg 1536w\" sizes=\"(max-width: 1024px) 100vw, 1024px\" \/><\/a><\/h3>\n<h3><strong>Curso de Treinador de Grau II<\/strong><\/h3>\n<p><strong>Data: <\/strong>julho 2021<br \/>\n<strong>Local:<\/strong> Oeiras, Audit\u00f3rio Municipal Maestro C\u00e9sar Batalha<\/p>\n<p>O curso de treinador de Triatlo Grau II tem como objetivo formar treinadores respons\u00e1veis pelo enquadramento de clubes e equipas de Triatlo.<\/p>\n<p>\u00c9 divido em 3 componentes:<\/p>\n<p><strong>Geral<\/strong> &#8211; 60h, online, com a nossa parceira de forma\u00e7\u00e3o Gnosies;<\/p>\n<p><strong>Espec\u00edfica<\/strong> &#8211; 60h presenciais nos dias 2,9 e 16\/7 das 18h30 \u00e0s 22h e 3,4,10,11, 17 e 18\/7 das 9h \u00e0s 18h. Se ultrapassar o limite de 10% de faltas, ser\u00e1 exclu\u00eddo do curso.<\/p>\n<p><strong>Est\u00e1gio<\/strong> &#8211; 800h, aproximadamente uma \u00e9poca desportiva, em que se pretende que trabalhem no terreno, em treino e acompanhamento a competi\u00e7\u00f5es.<\/p>\n<p>A componente espec\u00edfica decorrer\u00e1 em Oeiras (Audit\u00f3rio Municipal Maestro C\u00e9sar Batalha: Galerias Alto da Barra, Av. das Descobertas 59, 2780-053) em atividades te\u00f3ricas e pr\u00e1ticas.<\/p>\n<p><strong>Limite de vagas<\/strong>: 25 formandos<\/p>\n<h3>Mais informa\u00e7\u00f5es e inscri\u00e7\u00f5es <a href=\"https:\/\/forms.gle\/X1Vawtqj9ugnnxyC7\">aqui<\/a><\/h3>\n<p>&nbsp;<\/p>\n<p>&nbsp;<\/p>\n","protected":false},"excerpt":{"rendered":"<p>Os cursos de Treinador de Triatlo Grau I e II [&hellip;]<\/p>\n","protected":false},"author":8439,"featured_media":68191,"comment_status":"closed","ping_status":"closed","sticky":false,"template":"","format":"standard","meta":{"footnotes":""},"categories":[7,2],"tags":[],"_links":{"self":[{"href":"https:\/\/www.federacao-triatlo.pt\/ftp2015\/wp-json\/wp\/v2\/posts\/68190"}],"collection":[{"href":"https:\/\/www.federacao-triatlo.pt\/ftp2015\/wp-json\/wp\/v2\/posts"}],"about":[{"href":"https:\/\/www.federacao-triatlo.pt\/ftp2015\/wp-json\/wp\/v2\/types\/post"}],"author":[{"embeddable":true,"href":"https:\/\/www.federacao-triatlo.pt\/ftp2015\/wp-json\/wp\/v2\/users\/8439"}],"replies":[{"embeddable":true,"href":"https:\/\/www.federacao-triatlo.pt\/ftp2015\/wp-json\/wp\/v2\/comments?post=68190"}],"version-history":[{"count":0,"href":"https:\/\/www.federacao-triatlo.pt\/ftp2015\/wp-json\/wp\/v2\/posts\/68190\/revisions"}],"wp:featuredmedia":[{"embeddable":true,"href":"https:\/\/www.federacao-triatlo.pt\/ftp2015\/wp-json\/wp\/v2\/media\/68191"}],"wp:attachment":[{"href":"https:\/\/www.federacao-triatlo.pt\/ftp2015\/wp-json\/wp\/v2\/media?parent=68190"}],"wp:term":[{"taxonomy":"category","embeddable":true,"href":"https:\/\/www.federacao-triatlo.pt\/ftp2015\/wp-json\/wp\/v2\/categories?post=68190"},{"taxonomy":"post_tag","embeddable":true,"href":"https:\/\/www.federacao-triatlo.pt\/ftp2015\/wp-json\/wp\/v2\/tags?post=68190"}],"curies":[{"name":"wp","href":"https:\/\/api.w.org\/{rel}","templated":true}]}}