{"id":67287,"date":"2021-04-05T10:38:36","date_gmt":"2021-04-05T10:38:36","guid":{"rendered":"https:\/\/www.federacao-triatlo.pt\/ftp2015\/?p=67287"},"modified":"2021-11-23T17:28:13","modified_gmt":"2021-11-23T17:28:13","slug":"lisboa-recebe-evento-mundial-de-triatlo","status":"publish","type":"post","link":"https:\/\/www.federacao-triatlo.pt\/ftp2015\/lisboa-recebe-evento-mundial-de-triatlo\/","title":{"rendered":"Lisboa recebe evento Mundial de Triatlo"},"content":{"rendered":"<p><strong>Lisboa recebe a 21 de maio a prova de Estafetas Mistas, evento Mundial de Qualifica\u00e7\u00e3o Ol\u00edmpica direta para T\u00f3quio.<br \/>\n<\/strong><!--more--><\/p>\n<p>A World Triathlon divulgou recentemente que a prova de qualifica\u00e7\u00e3o direta para as Estafetas Mistas se realiza em Lisboa no dia 21 de maio.<br \/>\nNesta competi\u00e7\u00e3o ser\u00e3o conhecidas as \u00faltimas tr\u00eas equipas que se apuram para T\u00f3quio, juntando-se assim \u00e0s primeiras sete na\u00e7\u00f5es j\u00e1 qualificadas por via de ranking.<br \/>\nEsta competi\u00e7\u00e3o antecede a Ta\u00e7a do Mundo de Triatlo, que ter\u00e1 tamb\u00e9m lugar em Lisboa no mesmo fim de semana de 22 e 23 de maio, uma das cinco para angariar pontos para o ranking mundial e ol\u00edmpico, qualifica\u00e7\u00e3o que recome\u00e7a dia 1 de maio e termina dia 14 de junho.<\/p>\n<blockquote><p><strong>\u201cEstamos muito orgulhosos pelo facto de a World Triathlon ter confiado na nossa organiza\u00e7\u00e3o, mais ainda num ano t\u00e3o marcado pela pandemia, onde ainda se mant\u00eam muitas restri\u00e7\u00f5es na organiza\u00e7\u00e3o de eventos\u201d, afirma Vasco Rodrigues, presidente da Federa\u00e7\u00e3o de Triatlo de Portugal, real\u00e7ando tamb\u00e9m que num ano em que Lisboa \u00e9 Capital Europeia do Desporto \u201ceste evento \u00e9 absolutamente estrat\u00e9gico para o Triatlo nacional\u201d.\u00a0<\/strong><\/p><\/blockquote>\n<p>Na competi\u00e7\u00e3o de estafetas mistas, que ir\u00e1 estrear-se nos Jogos Ol\u00edmpicos no dia 31 de julho, cada equipa \u00e9 composta por quatro triatletas (duas femininas e dois masculinos), com cada elemento a ter de completar um triatlo sprint com 300 metros de nata\u00e7\u00e3o, 8 quil\u00f3metros de ciclismo e 2 quil\u00f3metros de corrida.<\/p>\n<p>Al\u00e9m de ser o \u00fanico evento mundial que apura diretamente equipas para as estafetas mistas, vai permitir tamb\u00e9m a qualifica\u00e7\u00e3o de atletas para a prova individual.<\/p>\n<div id=\"attachment_67290\" style=\"width: 882px\" class=\"wp-caption alignnone\"><a href=\"https:\/\/www.federacao-triatlo.pt\/ftp2015\/wp-content\/uploads\/2021\/04\/JoaoPereira_Natacao.jpg\"><img aria-describedby=\"caption-attachment-67290\" decoding=\"async\" class=\"wp-image-67290\" src=\"https:\/\/www.federacao-triatlo.pt\/ftp2015\/wp-content\/uploads\/2021\/04\/JoaoPereira_Natacao-1024x683.jpg\" alt=\"Jo\u00e3o Pereira em treino na piscina do Jamor: a prepara\u00e7\u00e3o para o ano ol\u00edmpico implica treino cont\u00ednuo\" width=\"872\" height=\"582\" srcset=\"https:\/\/www.federacao-triatlo.pt\/ftp2015\/wp-content\/uploads\/2021\/04\/JoaoPereira_Natacao-200x133.jpg 200w, https:\/\/www.federacao-triatlo.pt\/ftp2015\/wp-content\/uploads\/2021\/04\/JoaoPereira_Natacao-300x200.jpg 300w, https:\/\/www.federacao-triatlo.pt\/ftp2015\/wp-content\/uploads\/2021\/04\/JoaoPereira_Natacao-400x267.jpg 400w, https:\/\/www.federacao-triatlo.pt\/ftp2015\/wp-content\/uploads\/2021\/04\/JoaoPereira_Natacao-500x333.jpg 500w, https:\/\/www.federacao-triatlo.pt\/ftp2015\/wp-content\/uploads\/2021\/04\/JoaoPereira_Natacao-600x400.jpg 600w, https:\/\/www.federacao-triatlo.pt\/ftp2015\/wp-content\/uploads\/2021\/04\/JoaoPereira_Natacao-768x512.jpg 768w, https:\/\/www.federacao-triatlo.pt\/ftp2015\/wp-content\/uploads\/2021\/04\/JoaoPereira_Natacao-800x533.jpg 800w, https:\/\/www.federacao-triatlo.pt\/ftp2015\/wp-content\/uploads\/2021\/04\/JoaoPereira_Natacao-1024x683.jpg 1024w, https:\/\/www.federacao-triatlo.pt\/ftp2015\/wp-content\/uploads\/2021\/04\/JoaoPereira_Natacao-1200x800.jpg 1200w, https:\/\/www.federacao-triatlo.pt\/ftp2015\/wp-content\/uploads\/2021\/04\/JoaoPereira_Natacao-1536x1024.jpg 1536w, https:\/\/www.federacao-triatlo.pt\/ftp2015\/wp-content\/uploads\/2021\/04\/JoaoPereira_Natacao.jpg 1900w\" sizes=\"(max-width: 872px) 100vw, 872px\" \/><\/a><p id=\"caption-attachment-67290\" class=\"wp-caption-text\">Jo\u00e3o Pereira em treino na piscina do Complexo do Jamor: a prepara\u00e7\u00e3o para o ano ol\u00edmpico implica treino cont\u00ednuo e focado no objetivo<\/p><\/div>\n<p>De real\u00e7ar que Portugal tem uma equipa com possibilidade de lutar pelos primeiros lugares, garantindo assim entrada direta nas olimp\u00edadas. A equipa ser\u00e1 composta por quatro dos seis elementos enquadrados no projeto ol\u00edmpico, entre eles Melanie Santos, Gabriela Ribeiro, Helena Carvalho, Jo\u00e3o Pereira, Jo\u00e3o Silva e Vasco Vila\u00e7a.<\/p>\n<blockquote><p><strong>\u201cDepois de termos alcan\u00e7ado o nosso objetivo de reabrir a qualifica\u00e7\u00e3o Ol\u00edmpica em Lisboa, juntar uma Ta\u00e7a do Mundo \u00e0 \u00fanica prova de qualifica\u00e7\u00e3o direta para a estafeta ol\u00edmpica num ano como este \u00e9 uma excelente oportunidade para a modalidade crescer a n\u00edvel nacional e internacional, proporcionando igualmente uma oportunidade de ouro aos triatletas nacionais de evolu\u00edrem na sua carreira desportiva\u201d,<\/strong> sublinha Vasco Rodrigues.<\/p><\/blockquote>\n<p>Depois da prova de estafetas mistas, realiza-se a 22 e 23 de maio uma das cinco etapas da Ta\u00e7a do Mundo de Triatlo inclu\u00eddas na qualifica\u00e7\u00e3o Ol\u00edmpica. Os melhores triatletas mundiais ter\u00e3o em Lisboa uma das poucas oportunidades de angariar pontos para o ranking individual que ir\u00e1 permitir o seu apuramento.<\/p>\n<p>Esta competi\u00e7\u00e3o decorrer\u00e1 no Bra\u00e7o de Prata, em Marvila, beneficiando da requalifica\u00e7\u00e3o urban\u00edstica desta zona, o que permite aliar a beleza envolvente \u00e0s excelentes condi\u00e7\u00f5es para a pr\u00e1tica de Triatlo.<\/p>\n<div id=\"attachment_67291\" style=\"width: 689px\" class=\"wp-caption alignnone\"><a href=\"https:\/\/www.federacao-triatlo.pt\/ftp2015\/wp-content\/uploads\/2021\/04\/MelanieSantos_Corrida.jpg\"><img aria-describedby=\"caption-attachment-67291\" decoding=\"async\" class=\"wp-image-67291\" src=\"https:\/\/www.federacao-triatlo.pt\/ftp2015\/wp-content\/uploads\/2021\/04\/MelanieSantos_Corrida-1024x683.jpg\" alt=\"Melanie Santos, no treino de corrida, ap\u00f3s o trabalho de s\u00e9ries realizado em pista\" width=\"679\" height=\"453\" srcset=\"https:\/\/www.federacao-triatlo.pt\/ftp2015\/wp-content\/uploads\/2021\/04\/MelanieSantos_Corrida-200x133.jpg 200w, https:\/\/www.federacao-triatlo.pt\/ftp2015\/wp-content\/uploads\/2021\/04\/MelanieSantos_Corrida-300x200.jpg 300w, https:\/\/www.federacao-triatlo.pt\/ftp2015\/wp-content\/uploads\/2021\/04\/MelanieSantos_Corrida-400x267.jpg 400w, https:\/\/www.federacao-triatlo.pt\/ftp2015\/wp-content\/uploads\/2021\/04\/MelanieSantos_Corrida-500x333.jpg 500w, https:\/\/www.federacao-triatlo.pt\/ftp2015\/wp-content\/uploads\/2021\/04\/MelanieSantos_Corrida-600x400.jpg 600w, https:\/\/www.federacao-triatlo.pt\/ftp2015\/wp-content\/uploads\/2021\/04\/MelanieSantos_Corrida-768x512.jpg 768w, https:\/\/www.federacao-triatlo.pt\/ftp2015\/wp-content\/uploads\/2021\/04\/MelanieSantos_Corrida-800x533.jpg 800w, https:\/\/www.federacao-triatlo.pt\/ftp2015\/wp-content\/uploads\/2021\/04\/MelanieSantos_Corrida-1024x683.jpg 1024w, https:\/\/www.federacao-triatlo.pt\/ftp2015\/wp-content\/uploads\/2021\/04\/MelanieSantos_Corrida-1200x800.jpg 1200w, https:\/\/www.federacao-triatlo.pt\/ftp2015\/wp-content\/uploads\/2021\/04\/MelanieSantos_Corrida-1536x1024.jpg 1536w, https:\/\/www.federacao-triatlo.pt\/ftp2015\/wp-content\/uploads\/2021\/04\/MelanieSantos_Corrida.jpg 1900w\" sizes=\"(max-width: 679px) 100vw, 679px\" \/><\/a><p id=\"caption-attachment-67291\" class=\"wp-caption-text\">Melanie Santos, no treino de corrida, ap\u00f3s o trabalho de s\u00e9ries realizado em pista<\/p><\/div>\n<p>A prova conta com diversas parcerias fundamentais para a sua realiza\u00e7\u00e3o, como a Junta de Freguesia de Marvila que, em conjunto com a C\u00e2mara Municipal, organizou no ano passado e em plena pandemia diversas competi\u00e7\u00f5es nacionais.<\/p>\n<p>A VIC Properties associou-se tamb\u00e9m como parceiro estrat\u00e9gico, apoiando em diferentes vertentes a realiza\u00e7\u00e3o deste evento.<\/p>\n<blockquote><p><strong>\u201c\u00c9 para n\u00f3s uma honra podermos apoiar a Federa\u00e7\u00e3o de Triatlo de Portugal na organiza\u00e7\u00e3o destes eventos. Os valores do desporto, como a entrega, a dedica\u00e7\u00e3o e o esfor\u00e7o s\u00e3o tamb\u00e9m valores que defendemos e preconizamos no nosso dia a dia, pelo que esta associa\u00e7\u00e3o faz todo o sentido\u201d<\/strong>, explicou Lu\u00eds Gamboa, COO da VIC Properties.<\/p>\n<p>De referir ainda que todos os eventos de qualifica\u00e7\u00e3o Ol\u00edmpica, incluindo as provas que ser\u00e3o realizadas em Lisboa, foram avaliados como de \u2018baixo risco\u2019 ou de \u2018muito baixo risco\u2019, tendo em conta os requisitos exigidos pela Organiza\u00e7\u00e3o Mundial de Sa\u00fade e pela World Triathlon.<\/p><\/blockquote>\n<p>Estas entidades encontram-se a trabalhar em estreita colabora\u00e7\u00e3o com os Delegados T\u00e9cnicos designados para os eventos, o Departamento de Desporto de Triatlo Mundial e o Comit\u00e9 M\u00e9dico do Triatlo Mundial, tendo submetido todas as carater\u00edsticas \u00e0s autoridades de sa\u00fade, com procedimentos espec\u00edficos, incluindo a realiza\u00e7\u00e3o de dois testes COVID-19.<\/p>\n<div id=\"attachment_67292\" style=\"width: 822px\" class=\"wp-caption alignnone\"><a href=\"https:\/\/www.federacao-triatlo.pt\/ftp2015\/wp-content\/uploads\/2021\/04\/JoaoSilva.jpg\"><img aria-describedby=\"caption-attachment-67292\" decoding=\"async\" class=\"wp-image-67292\" src=\"https:\/\/www.federacao-triatlo.pt\/ftp2015\/wp-content\/uploads\/2021\/04\/JoaoSilva-1024x683.jpg\" alt=\"Jo\u00e3o Silva no treino de s\u00e9ries de ciclismo na estrada do Guincho\" width=\"812\" height=\"542\" srcset=\"https:\/\/www.federacao-triatlo.pt\/ftp2015\/wp-content\/uploads\/2021\/04\/JoaoSilva-200x133.jpg 200w, https:\/\/www.federacao-triatlo.pt\/ftp2015\/wp-content\/uploads\/2021\/04\/JoaoSilva-300x200.jpg 300w, https:\/\/www.federacao-triatlo.pt\/ftp2015\/wp-content\/uploads\/2021\/04\/JoaoSilva-400x267.jpg 400w, https:\/\/www.federacao-triatlo.pt\/ftp2015\/wp-content\/uploads\/2021\/04\/JoaoSilva-500x333.jpg 500w, https:\/\/www.federacao-triatlo.pt\/ftp2015\/wp-content\/uploads\/2021\/04\/JoaoSilva-600x400.jpg 600w, https:\/\/www.federacao-triatlo.pt\/ftp2015\/wp-content\/uploads\/2021\/04\/JoaoSilva-768x512.jpg 768w, https:\/\/www.federacao-triatlo.pt\/ftp2015\/wp-content\/uploads\/2021\/04\/JoaoSilva-800x533.jpg 800w, https:\/\/www.federacao-triatlo.pt\/ftp2015\/wp-content\/uploads\/2021\/04\/JoaoSilva-1024x683.jpg 1024w, https:\/\/www.federacao-triatlo.pt\/ftp2015\/wp-content\/uploads\/2021\/04\/JoaoSilva-1200x800.jpg 1200w, https:\/\/www.federacao-triatlo.pt\/ftp2015\/wp-content\/uploads\/2021\/04\/JoaoSilva-1536x1024.jpg 1536w, https:\/\/www.federacao-triatlo.pt\/ftp2015\/wp-content\/uploads\/2021\/04\/JoaoSilva.jpg 1900w\" sizes=\"(max-width: 812px) 100vw, 812px\" \/><\/a><p id=\"caption-attachment-67292\" class=\"wp-caption-text\">Jo\u00e3o Silva no treino de s\u00e9ries de ciclismo na estrada do Guincho<\/p><\/div>\n<h3><\/h3>\n<h3><strong>Calend\u00e1rio das provas internacionais de qualifica\u00e7\u00e3o Ol\u00edmpica:<\/strong><\/h3>\n<blockquote><p>Campeonato do Mundo Yokohama, 15 e 16 de maio, Jap\u00e3o<\/p>\n<p>Ta\u00e7a do Mundo de Lisboa, 22 e 23 de maio, Portugal<\/p>\n<p>Ta\u00e7a do Mundo de Arzachena, 29 e 30 de maio, It\u00e1lia<\/p>\n<p>Campeonato do Mundo de Leeds, 5 e 6 de junho, Inglaterra<\/p>\n<p>Ta\u00e7a do Mundo de Huatulco, 12 e 13 de junho, M\u00e9xico<\/p>\n<p>Antes do per\u00edodo de qualifica\u00e7\u00e3o Ol\u00edmpica (1 de maio a 14 de junho), haver\u00e1 triatletas nacionais a participar na Ta\u00e7a da Europa de Melilla, Espanha, que se realiza no dia 18 de abril.<\/p>\n<p><a href=\"https:\/\/www.federacao-triatlo.pt\/ftp2015\/wp-content\/uploads\/2021\/04\/JoaoPereira_GabrielaRibeiro_-scaled.jpg\"><img decoding=\"async\" class=\"alignnone wp-image-67293 \" src=\"https:\/\/www.federacao-triatlo.pt\/ftp2015\/wp-content\/uploads\/2021\/04\/JoaoPereira_GabrielaRibeiro_-1024x683.jpg\" alt=\"\" width=\"717\" height=\"479\" srcset=\"https:\/\/www.federacao-triatlo.pt\/ftp2015\/wp-content\/uploads\/2021\/04\/JoaoPereira_GabrielaRibeiro_-200x133.jpg 200w, https:\/\/www.federacao-triatlo.pt\/ftp2015\/wp-content\/uploads\/2021\/04\/JoaoPereira_GabrielaRibeiro_-300x200.jpg 300w, https:\/\/www.federacao-triatlo.pt\/ftp2015\/wp-content\/uploads\/2021\/04\/JoaoPereira_GabrielaRibeiro_-400x267.jpg 400w, https:\/\/www.federacao-triatlo.pt\/ftp2015\/wp-content\/uploads\/2021\/04\/JoaoPereira_GabrielaRibeiro_-500x333.jpg 500w, https:\/\/www.federacao-triatlo.pt\/ftp2015\/wp-content\/uploads\/2021\/04\/JoaoPereira_GabrielaRibeiro_-600x400.jpg 600w, https:\/\/www.federacao-triatlo.pt\/ftp2015\/wp-content\/uploads\/2021\/04\/JoaoPereira_GabrielaRibeiro_-768x512.jpg 768w, https:\/\/www.federacao-triatlo.pt\/ftp2015\/wp-content\/uploads\/2021\/04\/JoaoPereira_GabrielaRibeiro_-800x534.jpg 800w, https:\/\/www.federacao-triatlo.pt\/ftp2015\/wp-content\/uploads\/2021\/04\/JoaoPereira_GabrielaRibeiro_-1024x683.jpg 1024w, https:\/\/www.federacao-triatlo.pt\/ftp2015\/wp-content\/uploads\/2021\/04\/JoaoPereira_GabrielaRibeiro_-1200x800.jpg 1200w, https:\/\/www.federacao-triatlo.pt\/ftp2015\/wp-content\/uploads\/2021\/04\/JoaoPereira_GabrielaRibeiro_-1536x1025.jpg 1536w\" sizes=\"(max-width: 717px) 100vw, 717px\" \/><\/a><\/p>\n<p>Uma excelente \u00e9poca internacional para todos!<\/p><\/blockquote>\n<h3>Mais informa\u00e7\u00f5es no <a href=\"https:\/\/www.triathlon.org\/\">site<\/a> oficial da World Triathlon<\/h3>\n","protected":false},"excerpt":{"rendered":"<p>Lisboa recebe a 21 de maio a prova de Estafetas [&hellip;]<\/p>\n","protected":false},"author":8439,"featured_media":67288,"comment_status":"closed","ping_status":"closed","sticky":false,"template":"","format":"standard","meta":{"footnotes":""},"categories":[2],"tags":[],"_links":{"self":[{"href":"https:\/\/www.federacao-triatlo.pt\/ftp2015\/wp-json\/wp\/v2\/posts\/67287"}],"collection":[{"href":"https:\/\/www.federacao-triatlo.pt\/ftp2015\/wp-json\/wp\/v2\/posts"}],"about":[{"href":"https:\/\/www.federacao-triatlo.pt\/ftp2015\/wp-json\/wp\/v2\/types\/post"}],"author":[{"embeddable":true,"href":"https:\/\/www.federacao-triatlo.pt\/ftp2015\/wp-json\/wp\/v2\/users\/8439"}],"replies":[{"embeddable":true,"href":"https:\/\/www.federacao-triatlo.pt\/ftp2015\/wp-json\/wp\/v2\/comments?post=67287"}],"version-history":[{"count":0,"href":"https:\/\/www.federacao-triatlo.pt\/ftp2015\/wp-json\/wp\/v2\/posts\/67287\/revisions"}],"wp:featuredmedia":[{"embeddable":true,"href":"https:\/\/www.federacao-triatlo.pt\/ftp2015\/wp-json\/wp\/v2\/media\/67288"}],"wp:attachment":[{"href":"https:\/\/www.federacao-triatlo.pt\/ftp2015\/wp-json\/wp\/v2\/media?parent=67287"}],"wp:term":[{"taxonomy":"category","embeddable":true,"href":"https:\/\/www.federacao-triatlo.pt\/ftp2015\/wp-json\/wp\/v2\/categories?post=67287"},{"taxonomy":"post_tag","embeddable":true,"href":"https:\/\/www.federacao-triatlo.pt\/ftp2015\/wp-json\/wp\/v2\/tags?post=67287"}],"curies":[{"name":"wp","href":"https:\/\/api.w.org\/{rel}","templated":true}]}}