{"id":66928,"date":"2021-02-20T12:43:07","date_gmt":"2021-02-20T12:43:07","guid":{"rendered":"https:\/\/www.federacao-triatlo.pt\/ftp2015\/?p=66928"},"modified":"2021-02-20T14:32:15","modified_gmt":"2021-02-20T14:32:15","slug":"calendario-de-formacao-2021","status":"publish","type":"post","link":"https:\/\/www.federacao-triatlo.pt\/ftp2015\/calendario-de-formacao-2021\/","title":{"rendered":"Calend\u00e1rio de Forma\u00e7\u00e3o 2021"},"content":{"rendered":"<p><strong>Fique a par das a\u00e7\u00f5es a desenvolver ao longo do ano e alcance as suas metas formativas em 2021.<\/strong><br \/>\n<!--more-->Embora ainda estejamos atualmente com restri\u00e7\u00f5es por causa da pandemia, o Calend\u00e1rio de Forma\u00e7\u00e3o para este ano j\u00e1 est\u00e1 a tomar forma, sendo que est\u00e3o agendados cursos de Treinador de Triatlo, cursos iniciais e forma\u00e7\u00f5es na \u00e1rea da Arbitragem, forma\u00e7\u00e3o cont\u00ednua de treinadores em diversas \u00e1reas, uma especializa\u00e7\u00e3o em Paratriatlo e um curso de dirigentes.<\/p>\n<h3>Consulte o calend\u00e1rio 2021 para come\u00e7ar a organizar as suas forma\u00e7\u00f5es.<\/h3>\n<h2>Curso de Treinador Grau I e II<\/h2>\n<blockquote><p><strong>Curso de Treinador Grau I ir\u00e1 realizar-se em Ponta Delgada dia 4 de junho<\/strong><\/p>\n<p><strong>Curso de Treinador Grau II ir\u00e1 realizar-se em Cascais dia 16 de julho<\/strong><\/p>\n<p><strong>Curso de Treinador Grau II ir\u00e1 realizar-se no Porto dia 29 de outubro<\/strong><\/p>\n<p><strong>Curso de Treinador Grau I ir\u00e1 realizar-se em Oeiras dia 18 de novembro<\/strong><\/p><\/blockquote>\n<p><a href=\"https:\/\/www.federacao-triatlo.pt\/ftp2015\/wp-content\/uploads\/2021\/02\/EntradaPTCaminha.jpg\"><img decoding=\"async\" class=\"alignnone wp-image-66930 \" src=\"https:\/\/www.federacao-triatlo.pt\/ftp2015\/wp-content\/uploads\/2021\/02\/EntradaPTCaminha-1024x684.jpg\" alt=\"\" width=\"860\" height=\"575\" srcset=\"https:\/\/www.federacao-triatlo.pt\/ftp2015\/wp-content\/uploads\/2021\/02\/EntradaPTCaminha-200x134.jpg 200w, https:\/\/www.federacao-triatlo.pt\/ftp2015\/wp-content\/uploads\/2021\/02\/EntradaPTCaminha-300x200.jpg 300w, https:\/\/www.federacao-triatlo.pt\/ftp2015\/wp-content\/uploads\/2021\/02\/EntradaPTCaminha-400x267.jpg 400w, https:\/\/www.federacao-triatlo.pt\/ftp2015\/wp-content\/uploads\/2021\/02\/EntradaPTCaminha-500x334.jpg 500w, https:\/\/www.federacao-triatlo.pt\/ftp2015\/wp-content\/uploads\/2021\/02\/EntradaPTCaminha-600x401.jpg 600w, https:\/\/www.federacao-triatlo.pt\/ftp2015\/wp-content\/uploads\/2021\/02\/EntradaPTCaminha-768x513.jpg 768w, https:\/\/www.federacao-triatlo.pt\/ftp2015\/wp-content\/uploads\/2021\/02\/EntradaPTCaminha-800x534.jpg 800w, https:\/\/www.federacao-triatlo.pt\/ftp2015\/wp-content\/uploads\/2021\/02\/EntradaPTCaminha-1024x684.jpg 1024w, https:\/\/www.federacao-triatlo.pt\/ftp2015\/wp-content\/uploads\/2021\/02\/EntradaPTCaminha-1200x801.jpg 1200w, https:\/\/www.federacao-triatlo.pt\/ftp2015\/wp-content\/uploads\/2021\/02\/EntradaPTCaminha-1536x1026.jpg 1536w\" sizes=\"(max-width: 860px) 100vw, 860px\" \/><\/a><\/p>\n<h2>Curso Inicial de \u00c1rbitros<\/h2>\n<blockquote><p><strong>Curso Inicial de \u00c1rbitros ir\u00e1 realizar-se em Ponta Delgada no m\u00eas junho<\/strong><\/p>\n<p><strong>Curso Inicial de \u00c1rbitros ir\u00e1 realizar-se em Faro no m\u00eas de setembro<\/strong><\/p>\n<p><strong>Curso Inicial de \u00c1rbitros ir\u00e1 realizar-se em Oeiras no m\u00eas de outubro<\/strong><\/p>\n<p><strong>Forma\u00e7\u00e3o Cont\u00ednua de \u00c1rbitros ir\u00e1 realizar-se em Oeiras no m\u00eas de outubro\u00a0\u00a0\u00a0\u00a0\u00a0\u00a0<\/strong><\/p>\n<p><strong>Forma\u00e7\u00e3o Cont\u00ednua de \u00c1rbitros ir\u00e1 realizar-se no m\u00eas de novembro (Norte, zona a confirmar)<\/strong><\/p><\/blockquote>\n<p>&nbsp;<\/p>\n<h2>Forma\u00e7\u00e3o Cont\u00ednua de Treinadores<\/h2>\n<blockquote><p>\u2018<strong>Treino de Nata\u00e7\u00e3o de \u00c1guas Abertas\u2019 ir\u00e1 realizar-se no Algarve no m\u00eas de abril<\/strong><\/p>\n<p><strong>\u2018Uso de desfibrilhador autom\u00e1tico externo\u2019 ir\u00e1 realizar-se em Oeiras no m\u00eas de maio\u00a0\u00a0\u00a0\u00a0<\/strong><\/p>\n<p><strong>\u2018Treino de Ciclismo para Triatletas\u2019 ir\u00e1 realizar-se em Oeiras no m\u00eas de junho<\/strong><\/p>\n<p><strong>\u2018Treino de T\u00e9cnica de Corrida para triatletas\u2019 ir\u00e1 realizar-se em Caminha no m\u00eas de junho\u00a0\u00a0\u00a0\u00a0\u00a0\u00a0\u00a0\u00a0\u00a0\u00a0\u00a0\u00a0\u00a0\u00a0<\/strong><\/p>\n<p><strong>\u2018Defini\u00e7\u00e3o de intensidade de corrida para triatletas\u2019 ir\u00e1 realizar-se na Marinha Grande no m\u00eas de setembro\u00a0\u00a0\u00a0\u00a0\u00a0\u00a0\u00a0\u00a0\u00a0\u00a0\u00a0<\/strong><\/p>\n<p><strong>\u2018Nutri\u00e7\u00e3o em Triatlo de Longa Dist\u00e2ncia\u2019 ir\u00e1 realizar-se em Set\u00fabal no m\u00eas outubro\u00a0\u00a0\u00a0\u00a0\u00a0\u00a0\u00a0\u00a0<\/strong><\/p>\n<p><strong>\u2018Regulamenta\u00e7\u00e3o Internacional\u2019 ir\u00e1 realizar-se em Alhandra no m\u00eas de outubro<\/strong><\/p>\n<p><strong>Controlo de Treino ir\u00e1 realizar-se no Porto no m\u00eas de outubro<\/strong><\/p>\n<p><strong>\u00a0Curso de &#8216;Especializa\u00e7\u00e3o em Paratriatlo&#8217; ir\u00e1 realizar-se em Madrid no m\u00eas de novembro<\/strong><\/p>\n<p><a href=\"https:\/\/www.federacao-triatlo.pt\/ftp2015\/wp-content\/uploads\/2021\/02\/VistaGeral_.jpg\"><img decoding=\"async\" class=\"alignnone wp-image-66931 \" src=\"https:\/\/www.federacao-triatlo.pt\/ftp2015\/wp-content\/uploads\/2021\/02\/VistaGeral_-1024x684.jpg\" alt=\"\" width=\"854\" height=\"571\" srcset=\"https:\/\/www.federacao-triatlo.pt\/ftp2015\/wp-content\/uploads\/2021\/02\/VistaGeral_-200x134.jpg 200w, https:\/\/www.federacao-triatlo.pt\/ftp2015\/wp-content\/uploads\/2021\/02\/VistaGeral_-300x200.jpg 300w, https:\/\/www.federacao-triatlo.pt\/ftp2015\/wp-content\/uploads\/2021\/02\/VistaGeral_-400x267.jpg 400w, https:\/\/www.federacao-triatlo.pt\/ftp2015\/wp-content\/uploads\/2021\/02\/VistaGeral_-500x334.jpg 500w, https:\/\/www.federacao-triatlo.pt\/ftp2015\/wp-content\/uploads\/2021\/02\/VistaGeral_-600x401.jpg 600w, https:\/\/www.federacao-triatlo.pt\/ftp2015\/wp-content\/uploads\/2021\/02\/VistaGeral_-768x513.jpg 768w, https:\/\/www.federacao-triatlo.pt\/ftp2015\/wp-content\/uploads\/2021\/02\/VistaGeral_-800x534.jpg 800w, https:\/\/www.federacao-triatlo.pt\/ftp2015\/wp-content\/uploads\/2021\/02\/VistaGeral_-1024x684.jpg 1024w, https:\/\/www.federacao-triatlo.pt\/ftp2015\/wp-content\/uploads\/2021\/02\/VistaGeral_-1200x801.jpg 1200w, https:\/\/www.federacao-triatlo.pt\/ftp2015\/wp-content\/uploads\/2021\/02\/VistaGeral_-1536x1026.jpg 1536w\" sizes=\"(max-width: 854px) 100vw, 854px\" \/><\/a><\/p><\/blockquote>\n<h2>Curso de Dirigentes<\/h2>\n<blockquote><p><strong>Curso de Forma\u00e7\u00e3o Inicial de Dirigentes ir\u00e1 realizar-se em Oeiras em novembro<\/strong><\/p><\/blockquote>\n<p>&nbsp;<\/p>\n<h3>V\u00e1 consultado as atualiza\u00e7\u00f5es do calend\u00e1rio do site da FTP\u00a0 <a href=\"https:\/\/www.federacao-triatlo.pt\/ftp2015\/calendario-de-formacao\/\">aqui<\/a><\/h3>\n","protected":false},"excerpt":{"rendered":"<p>Fique a par das a\u00e7\u00f5es a desenvolver ao longo do [&hellip;]<\/p>\n","protected":false},"author":8439,"featured_media":66929,"comment_status":"closed","ping_status":"closed","sticky":false,"template":"","format":"standard","meta":{"footnotes":""},"categories":[7,2],"tags":[],"_links":{"self":[{"href":"https:\/\/www.federacao-triatlo.pt\/ftp2015\/wp-json\/wp\/v2\/posts\/66928"}],"collection":[{"href":"https:\/\/www.federacao-triatlo.pt\/ftp2015\/wp-json\/wp\/v2\/posts"}],"about":[{"href":"https:\/\/www.federacao-triatlo.pt\/ftp2015\/wp-json\/wp\/v2\/types\/post"}],"author":[{"embeddable":true,"href":"https:\/\/www.federacao-triatlo.pt\/ftp2015\/wp-json\/wp\/v2\/users\/8439"}],"replies":[{"embeddable":true,"href":"https:\/\/www.federacao-triatlo.pt\/ftp2015\/wp-json\/wp\/v2\/comments?post=66928"}],"version-history":[{"count":0,"href":"https:\/\/www.federacao-triatlo.pt\/ftp2015\/wp-json\/wp\/v2\/posts\/66928\/revisions"}],"wp:featuredmedia":[{"embeddable":true,"href":"https:\/\/www.federacao-triatlo.pt\/ftp2015\/wp-json\/wp\/v2\/media\/66929"}],"wp:attachment":[{"href":"https:\/\/www.federacao-triatlo.pt\/ftp2015\/wp-json\/wp\/v2\/media?parent=66928"}],"wp:term":[{"taxonomy":"category","embeddable":true,"href":"https:\/\/www.federacao-triatlo.pt\/ftp2015\/wp-json\/wp\/v2\/categories?post=66928"},{"taxonomy":"post_tag","embeddable":true,"href":"https:\/\/www.federacao-triatlo.pt\/ftp2015\/wp-json\/wp\/v2\/tags?post=66928"}],"curies":[{"name":"wp","href":"https:\/\/api.w.org\/{rel}","templated":true}]}}