{"id":65846,"date":"2020-12-15T17:54:49","date_gmt":"2020-12-15T17:54:49","guid":{"rendered":"https:\/\/www.federacao-triatlo.pt\/ftp2015\/?p=65846"},"modified":"2021-01-29T12:38:39","modified_gmt":"2021-01-29T12:38:39","slug":"ii-congresso-de-treinadores-age-group-triatlo-para-todos","status":"publish","type":"post","link":"https:\/\/www.federacao-triatlo.pt\/ftp2015\/ii-congresso-de-treinadores-age-group-triatlo-para-todos\/","title":{"rendered":"II Congresso de Treinadores Age Group: Triatlo para Todos"},"content":{"rendered":"<p><strong>Dias 15 e 16 de janeiro de 2021 ir\u00e1 realizar-se na Faculdade de Motricidade Humana um congresso para treinadores.\u00a0<\/strong><br \/>\n<!--more-->O programa ir\u00e1 abordar algumas investiga\u00e7\u00f5es acad\u00e9micas para treino, reten\u00e7\u00e3o, gest\u00e3o de expetativas e motiva\u00e7\u00e3o dos atletas grupos de idade, que correspondem \u00e0 maioria dos triatletas filiados.<\/p>\n<p>Por ser uma modalidade de resist\u00eancia, o Triatlo conta com muitos atletas que se iniciam ap\u00f3s os 20, 30, 40 anos ou mais. Uns s\u00e3o oriundos de outras modalidades, outros come\u00e7am mesmo pelo Triatlo, mas habitualmente demonstram dedica\u00e7\u00e3o ao treino e muita vontade em alcan\u00e7ar e superar os seus pr\u00f3prios objetivos.<\/p>\n<p>Mais do que uma apresenta\u00e7\u00e3o dos preletores, este \u00e9 um momento \u00fanico de reuni\u00e3o da comunidade de treinadores, o que possibilita a partilha de enriquecedoras experi\u00eancias.<\/p>\n<p>A Federa\u00e7\u00e3o de Triatlo de Portugal ir\u00e1 continuar a desenvolver iniciativas para promover o Triatlo e aumentar o n\u00famero de triatletas age-group, atrav\u00e9s do programa Triatlo para Todos, das suas atividades a decorrer do Tri Try e do evento promocional My Triathlon Experience e, ainda, outras que venham a ser desenvolvidas.<\/p>\n<h3><strong>Datas e hor\u00e1rios II Congresso de Treinadores Age-Group: Triatlo para Todos<\/strong><\/h3>\n<blockquote><p><strong>Data<\/strong>: 15 de janeiro 2021 das 18h30 \u00e0s 21h e 16 de janeiro de 2021 das 9h \u00e0s 13h e das 14h \u00e0s 17h;<\/p>\n<p><strong>Local:<\/strong> Faculdade de Motricidade Humana, Jamor;<\/p>\n<p><strong>UC:<\/strong> 2,0 UC para a componente espec\u00edfica de treinador de Triatlo;<\/p>\n<p>Oferta da inscri\u00e7\u00e3o a todos os treinadores filiados na FTP;<\/p>\n<p>As restantes inscri\u00e7\u00f5es ter\u00e3o o custo de 10\u20ac.<\/p><\/blockquote>\n<p>&nbsp;<\/p>\n<h2>Consulte o programa do Congresso<\/h2>\n<p><a href=\"https:\/\/www.federacao-triatlo.pt\/ftp2015\/wp-content\/uploads\/2020\/12\/Programa_Crongresso_Triatlo_Age-Group_2021_Pagina_2ok.png\"><img decoding=\"async\" class=\"alignnone wp-image-66593 size-large\" src=\"https:\/\/www.federacao-triatlo.pt\/ftp2015\/wp-content\/uploads\/2020\/12\/Programa_Crongresso_Triatlo_Age-Group_2021_Pagina_2ok-724x1024.png\" alt=\"\" width=\"724\" height=\"1024\" srcset=\"https:\/\/www.federacao-triatlo.pt\/ftp2015\/wp-content\/uploads\/2020\/12\/Programa_Crongresso_Triatlo_Age-Group_2021_Pagina_2ok-200x283.png 200w, https:\/\/www.federacao-triatlo.pt\/ftp2015\/wp-content\/uploads\/2020\/12\/Programa_Crongresso_Triatlo_Age-Group_2021_Pagina_2ok-212x300.png 212w, https:\/\/www.federacao-triatlo.pt\/ftp2015\/wp-content\/uploads\/2020\/12\/Programa_Crongresso_Triatlo_Age-Group_2021_Pagina_2ok-400x566.png 400w, https:\/\/www.federacao-triatlo.pt\/ftp2015\/wp-content\/uploads\/2020\/12\/Programa_Crongresso_Triatlo_Age-Group_2021_Pagina_2ok-500x707.png 500w, https:\/\/www.federacao-triatlo.pt\/ftp2015\/wp-content\/uploads\/2020\/12\/Programa_Crongresso_Triatlo_Age-Group_2021_Pagina_2ok-600x848.png 600w, https:\/\/www.federacao-triatlo.pt\/ftp2015\/wp-content\/uploads\/2020\/12\/Programa_Crongresso_Triatlo_Age-Group_2021_Pagina_2ok-724x1024.png 724w, https:\/\/www.federacao-triatlo.pt\/ftp2015\/wp-content\/uploads\/2020\/12\/Programa_Crongresso_Triatlo_Age-Group_2021_Pagina_2ok-768x1086.png 768w, https:\/\/www.federacao-triatlo.pt\/ftp2015\/wp-content\/uploads\/2020\/12\/Programa_Crongresso_Triatlo_Age-Group_2021_Pagina_2ok-800x1131.png 800w, https:\/\/www.federacao-triatlo.pt\/ftp2015\/wp-content\/uploads\/2020\/12\/Programa_Crongresso_Triatlo_Age-Group_2021_Pagina_2ok-1086x1536.png 1086w, https:\/\/www.federacao-triatlo.pt\/ftp2015\/wp-content\/uploads\/2020\/12\/Programa_Crongresso_Triatlo_Age-Group_2021_Pagina_2ok-1200x1697.png 1200w, https:\/\/www.federacao-triatlo.pt\/ftp2015\/wp-content\/uploads\/2020\/12\/Programa_Crongresso_Triatlo_Age-Group_2021_Pagina_2ok-1448x2048.png 1448w\" sizes=\"(max-width: 724px) 100vw, 724px\" \/><\/a><\/p>\n<h2>Inscreva-se <a href=\"https:\/\/docs.google.com\/forms\/d\/e\/1FAIpQLSf33tRikpawgeT1VNJYw58ZLaqjwLLD1dp5AeHgq9V0bcPoIA\/viewform\">aqui\u00a0<\/a><\/h2>\n<p>&nbsp;<\/p>\n<p>&nbsp;<\/p>\n<p>&nbsp;<\/p>\n","protected":false},"excerpt":{"rendered":"<p>Dias 15 e 16 de janeiro de 2021 ir\u00e1 realizar-se [&hellip;]<\/p>\n","protected":false},"author":8439,"featured_media":65847,"comment_status":"closed","ping_status":"closed","sticky":false,"template":"","format":"standard","meta":{"footnotes":""},"categories":[7,2],"tags":[],"_links":{"self":[{"href":"https:\/\/www.federacao-triatlo.pt\/ftp2015\/wp-json\/wp\/v2\/posts\/65846"}],"collection":[{"href":"https:\/\/www.federacao-triatlo.pt\/ftp2015\/wp-json\/wp\/v2\/posts"}],"about":[{"href":"https:\/\/www.federacao-triatlo.pt\/ftp2015\/wp-json\/wp\/v2\/types\/post"}],"author":[{"embeddable":true,"href":"https:\/\/www.federacao-triatlo.pt\/ftp2015\/wp-json\/wp\/v2\/users\/8439"}],"replies":[{"embeddable":true,"href":"https:\/\/www.federacao-triatlo.pt\/ftp2015\/wp-json\/wp\/v2\/comments?post=65846"}],"version-history":[{"count":0,"href":"https:\/\/www.federacao-triatlo.pt\/ftp2015\/wp-json\/wp\/v2\/posts\/65846\/revisions"}],"wp:featuredmedia":[{"embeddable":true,"href":"https:\/\/www.federacao-triatlo.pt\/ftp2015\/wp-json\/wp\/v2\/media\/65847"}],"wp:attachment":[{"href":"https:\/\/www.federacao-triatlo.pt\/ftp2015\/wp-json\/wp\/v2\/media?parent=65846"}],"wp:term":[{"taxonomy":"category","embeddable":true,"href":"https:\/\/www.federacao-triatlo.pt\/ftp2015\/wp-json\/wp\/v2\/categories?post=65846"},{"taxonomy":"post_tag","embeddable":true,"href":"https:\/\/www.federacao-triatlo.pt\/ftp2015\/wp-json\/wp\/v2\/tags?post=65846"}],"curies":[{"name":"wp","href":"https:\/\/api.w.org\/{rel}","templated":true}]}}