{"id":65229,"date":"2020-11-02T18:08:59","date_gmt":"2020-11-02T18:08:59","guid":{"rendered":"https:\/\/www.federacao-triatlo.pt\/ftp2015\/?p=65229"},"modified":"2020-11-02T18:08:59","modified_gmt":"2020-11-02T18:08:59","slug":"curso-inicial-de-arbitros-de-triatlo-sao-joao-da-madeira","status":"publish","type":"post","link":"https:\/\/www.federacao-triatlo.pt\/ftp2015\/curso-inicial-de-arbitros-de-triatlo-sao-joao-da-madeira\/","title":{"rendered":"Curso Inicial de \u00c1rbitros de Triatlo, S\u00e3o Jo\u00e3o da Madeira"},"content":{"rendered":"<p><strong>Curso Inicial de \u00c1rbitros de Triatlo 14 de novembro, S\u00e3o Jo\u00e3o da Madeira<br \/>\n<\/strong><!--more--><\/p>\n<p>Para dar continuidade ao refor\u00e7o das equipas de arbitragem, a Federa\u00e7\u00e3o de Triatlo de Portugal, em parceria com a Associa\u00e7\u00e3o de \u00c1rbitros de Triatlo de Portugal (AATP), ir\u00e1 ministrar mais um curso inicial de 10 horas de \u00c1rbitros de Triatlo. Ap\u00f3s frequentar o curso te\u00f3rico com aproveitamento, os formandos poder\u00e3o iniciar a pr\u00e1tica como \u00e1rbitro\/a estagi\u00e1rio\/a em contexto de prova.<\/p>\n<h3>Hor\u00e1rio do curso:<\/h3>\n<blockquote><p>8h30 &#8211; in\u00edcio;<\/p>\n<p>13h \u00e0s 14h &#8211; Almo\u00e7o (oferecido pela FTP)<\/p>\n<p>14h &#8211; rein\u00edcio;<\/p>\n<p>19h30 &#8211; encerramento<\/p><\/blockquote>\n<h3>Mais informa\u00e7\u00f5es e inscri\u00e7\u00f5es <a href=\"https:\/\/forms.gle\/ouHjfPNDEJarjPdv6\">aqui<\/a><\/h3>\n<p>&nbsp;<\/p>\n","protected":false},"excerpt":{"rendered":"<p>Curso Inicial de \u00c1rbitros de Triatlo 14 de novembro, S\u00e3o [&hellip;]<\/p>\n","protected":false},"author":8439,"featured_media":65230,"comment_status":"closed","ping_status":"closed","sticky":false,"template":"","format":"standard","meta":{"footnotes":""},"categories":[7,2],"tags":[],"_links":{"self":[{"href":"https:\/\/www.federacao-triatlo.pt\/ftp2015\/wp-json\/wp\/v2\/posts\/65229"}],"collection":[{"href":"https:\/\/www.federacao-triatlo.pt\/ftp2015\/wp-json\/wp\/v2\/posts"}],"about":[{"href":"https:\/\/www.federacao-triatlo.pt\/ftp2015\/wp-json\/wp\/v2\/types\/post"}],"author":[{"embeddable":true,"href":"https:\/\/www.federacao-triatlo.pt\/ftp2015\/wp-json\/wp\/v2\/users\/8439"}],"replies":[{"embeddable":true,"href":"https:\/\/www.federacao-triatlo.pt\/ftp2015\/wp-json\/wp\/v2\/comments?post=65229"}],"version-history":[{"count":0,"href":"https:\/\/www.federacao-triatlo.pt\/ftp2015\/wp-json\/wp\/v2\/posts\/65229\/revisions"}],"wp:featuredmedia":[{"embeddable":true,"href":"https:\/\/www.federacao-triatlo.pt\/ftp2015\/wp-json\/wp\/v2\/media\/65230"}],"wp:attachment":[{"href":"https:\/\/www.federacao-triatlo.pt\/ftp2015\/wp-json\/wp\/v2\/media?parent=65229"}],"wp:term":[{"taxonomy":"category","embeddable":true,"href":"https:\/\/www.federacao-triatlo.pt\/ftp2015\/wp-json\/wp\/v2\/categories?post=65229"},{"taxonomy":"post_tag","embeddable":true,"href":"https:\/\/www.federacao-triatlo.pt\/ftp2015\/wp-json\/wp\/v2\/tags?post=65229"}],"curies":[{"name":"wp","href":"https:\/\/api.w.org\/{rel}","templated":true}]}}