{"id":65223,"date":"2020-11-02T15:33:12","date_gmt":"2020-11-02T15:33:12","guid":{"rendered":"https:\/\/www.federacao-triatlo.pt\/ftp2015\/?p=65223"},"modified":"2020-11-02T18:27:09","modified_gmt":"2020-11-02T18:27:09","slug":"curso-inicial-de-arbitros-de-triatlo-na-amora","status":"publish","type":"post","link":"https:\/\/www.federacao-triatlo.pt\/ftp2015\/curso-inicial-de-arbitros-de-triatlo-na-amora\/","title":{"rendered":"Curso Inicial de \u00c1rbitros de Triatlo na Amora"},"content":{"rendered":"<p><strong>Curso de \u00c1rbitros realiza-se no dia 14 de novembro 2020, na Amora.<\/strong><\/p>\n<p><!--more--><\/p>\n<p>Para refor\u00e7ar as equipas de arbitragem, a Federa\u00e7\u00e3o de Triatlo de Portugal, em parceria com a Associa\u00e7\u00e3o de \u00c1rbitros de Triatlo de Portugal (AATP), ir\u00e1 ministrar um curso inicial de 10 horas de \u00c1rbitros de Triatlo. Ap\u00f3s a frequ\u00eancia do curso com aproveitamento, os formandos poder\u00e3o iniciar a pr\u00e1tica de \u00e1rbitro\/a estagi\u00e1rio\/a em contexto de prova.<\/p>\n<h3>Hor\u00e1rio dia 14 de novembro, s\u00e1bado:<\/h3>\n<blockquote><p>8h30 &#8211; in\u00edcio;<\/p>\n<p>13h \u00e0s 14h &#8211; Almo\u00e7o (oferecido pela FTP)<\/p>\n<p>14h &#8211; rein\u00edcio;<\/p>\n<p>19h30 \u2013 encerramento<\/p><\/blockquote>\n<h3>Mais informa\u00e7\u00f5es e inscri\u00e7\u00f5es <a href=\"https:\/\/bit.ly\/3mFpVM0\">aqui<\/a><\/h3>\n","protected":false},"excerpt":{"rendered":"<p>Curso de \u00c1rbitros realiza-se no dia 14 de novembro 2020, [&hellip;]<\/p>\n","protected":false},"author":8439,"featured_media":65225,"comment_status":"closed","ping_status":"closed","sticky":false,"template":"","format":"standard","meta":{"footnotes":""},"categories":[7,2],"tags":[],"_links":{"self":[{"href":"https:\/\/www.federacao-triatlo.pt\/ftp2015\/wp-json\/wp\/v2\/posts\/65223"}],"collection":[{"href":"https:\/\/www.federacao-triatlo.pt\/ftp2015\/wp-json\/wp\/v2\/posts"}],"about":[{"href":"https:\/\/www.federacao-triatlo.pt\/ftp2015\/wp-json\/wp\/v2\/types\/post"}],"author":[{"embeddable":true,"href":"https:\/\/www.federacao-triatlo.pt\/ftp2015\/wp-json\/wp\/v2\/users\/8439"}],"replies":[{"embeddable":true,"href":"https:\/\/www.federacao-triatlo.pt\/ftp2015\/wp-json\/wp\/v2\/comments?post=65223"}],"version-history":[{"count":0,"href":"https:\/\/www.federacao-triatlo.pt\/ftp2015\/wp-json\/wp\/v2\/posts\/65223\/revisions"}],"wp:featuredmedia":[{"embeddable":true,"href":"https:\/\/www.federacao-triatlo.pt\/ftp2015\/wp-json\/wp\/v2\/media\/65225"}],"wp:attachment":[{"href":"https:\/\/www.federacao-triatlo.pt\/ftp2015\/wp-json\/wp\/v2\/media?parent=65223"}],"wp:term":[{"taxonomy":"category","embeddable":true,"href":"https:\/\/www.federacao-triatlo.pt\/ftp2015\/wp-json\/wp\/v2\/categories?post=65223"},{"taxonomy":"post_tag","embeddable":true,"href":"https:\/\/www.federacao-triatlo.pt\/ftp2015\/wp-json\/wp\/v2\/tags?post=65223"}],"curies":[{"name":"wp","href":"https:\/\/api.w.org\/{rel}","templated":true}]}}