{"id":64814,"date":"2020-10-27T18:38:05","date_gmt":"2020-10-27T18:38:05","guid":{"rendered":"https:\/\/www.federacao-triatlo.pt\/ftp2015\/?p=64814"},"modified":"2020-10-28T13:30:47","modified_gmt":"2020-10-28T13:30:47","slug":"jornadas-tecnicas-ibero-americanas-2020","status":"publish","type":"post","link":"https:\/\/www.federacao-triatlo.pt\/ftp2015\/jornadas-tecnicas-ibero-americanas-2020\/","title":{"rendered":"Jornadas T\u00e9cnicas Ibero-Americanas 2020"},"content":{"rendered":"<p><strong>Jornadas online da Federa\u00e7\u00e3o de Triatlo Espanhola em parceria com a Federa\u00e7\u00e3o de Triatlo de Portugal.\u00a0<\/strong><br \/>\n<!--more-->A Federa\u00e7\u00e3o de Triatlo Espanhola, em coparceria com a Federa\u00e7\u00e3o de Triatlo de Portugal, apresenta as primeiras jornadas organizadas pela Escola Nacional de Treinadores da Federa\u00e7\u00e3o Espanhola de Triatlo realizadas online durante os fins de semana de 7 a 14 de novembro.<\/p>\n<h3><strong>Hor\u00e1rios e local:<\/strong><\/h3>\n<blockquote><p>Quando: s\u00e1bado, 7 de novembro de 2020 \u00e0s 16:00 e s\u00e1bado, 14 de novembro de 2020 \u00e0s 16:00<\/p>\n<p>Lugar: &#8211; \u00c0 dist\u00e2ncia<\/p>\n<p>Datas de inscri\u00e7\u00e3o: De 09\/10\/2020 a t\u00e9 04\/11\/2020 a las 10:00<\/p>\n<p>Valor de inscri\u00e7\u00e3o:<\/p>\n<p>Gratuito para licenciados na Federa\u00e7\u00e3o de Triatlo de Portugal<br \/>\n15 euros restantes inscri\u00e7\u00f5es<\/p>\n<p>Pode participar em direto com os palestrantes e t\u00e9cnicos de v\u00e1rios pa\u00edses, sob a orienta\u00e7\u00e3o de Javier Chavarren, diretor da Escola Nacional de Treinadores.<\/p><\/blockquote>\n<h3><\/h3>\n<h3><strong>Painel de especialistas: <\/strong><\/h3>\n<p>EUGENIO CHIMAL (M\u00e9xico), Treinador do M\u00e9xico nos Jogos Ol\u00edmpicos de Londres 2012 e Rio de Janeiro 2016 \/ Pr\u00e9mio Nacional de Desporto Treinador 2015, Clube de Triatlo de Veratrix, M\u00e9xico.<\/p>\n<p>PEDRO JOS\u00c9 L\u00d3PEZ (ESPANHA), Licenciado em Ci\u00eancias de la Atividade F\u00edsica e Desporto \/ Mestre em Alto Rendimento de Desportos C\u00edclicos \/ Treinador Nacional de Triatlo, Especialista em Longa Dist\u00e2ncia Triatlo (FETRI) \/ Especialista em Biomec\u00e2nica de Ciclismo e Coordenador de forma\u00e7\u00e3o de Biomec\u00e2neca em Ciclismo na Real Federa\u00e7\u00e3o Espanhola Ciclismo.<\/p>\n<p>RODRIGO MILAZZO (Brasil), Licenciado Educa\u00e7\u00e3o F\u00edsica, Mestre em Ci\u00eancias do Desporto \/ Fisiologia do Exerc\u00edcio \/ MBA Gest\u00e3o Desportiva \/ Especialista Treino de Alto Rendimento \/ Treinador Nacional Federa\u00e7\u00e3o Brasileira de Triatlo \/Facilitador \/ Ponente ITU \/ PATCO<\/p>\n<p>ALVARO RANCE (ESPANHA), Treinador Nacional da Federa\u00e7\u00e3o Espanhola de Triatlo \/ Mestre em Fisiologia e Mestre em Alto Rendimento \/ Respons\u00e1vel da sala de hipoxia e assessoria dos atletas em<\/p>\n<p>RUDI BERNARDO (Portugal), Licenciado em Ci\u00eancias do Desporto \/ Mestre em Treino de Alto Rendimento, Doutor em Fisiologia do Exerc\u00edcio \/Treinador de Triatlo Nivel III.<\/p>\n<p>&nbsp;<\/p>\n<h3><strong>Programa:<\/strong><\/h3>\n<p>7 de novembro<\/p>\n<p>16:00 \u2013 16:15\u00a0\u00a0\u00a0 APRESENTA\u00c7\u00c3O<\/p>\n<p>16:15 \u2013 17:00\u00a0\u00a0\u00a0 Planifica\u00e7\u00e3o Tokyo 2021 &#8211; Eugenio Chimal (M\u00e9xico)<\/p>\n<p>17:15 \u2013 18:00\u00a0\u00a0\u00a0 Dete\u00e7\u00e3o de talentos no Triatlo &#8211; Rodrigo Milazzo (Brasil)<\/p>\n<p>18:15 \u2013 19:00\u00a0\u00a0\u00a0 Considera\u00e7\u00f5es de Biomec\u00e2nica ciclista no rendimento do triatleta. &#8211; Pedro Jos\u00e9 L\u00f3pez (Espanha)<\/p>\n<p>14 de novembro<\/p>\n<p>16:00 \u2013 16:45\u00a0\u00a0\u00a0 O desenvolvimento do Triatleta at\u00e9 ao Alto Rendimento &#8211; Rudi Bernardo (Portugal)<\/p>\n<p>17:00 \u2013 17:45\u00a0\u00a0\u00a0 O Treino em Altitude &#8211;\u00a0\u00a0\u00a0\u00a0\u00a0\u00a0\u00a0 \u00c1lvaro Rance (ESP)<\/p>\n<p>18:00 \u2013 18:45\u00a0\u00a0\u00a0 MESA REDONDA:<\/p>\n<p><strong>Modelos t\u00e9cnicos de Triatlo I\u00f1aki Arenal (ESP)<\/strong><\/p>\n<p>Alejandro Ca\u00f1as (PATCO)<\/p>\n<p>Antonio Fortuna (POR)<\/p>\n<p>19:00\u00a0\u00a0\u00a0 ENCERRAMENTO<\/p>\n<p>* Fuso horario: (GMT+01:00) Madrid<\/p>\n<p><strong>Inscri\u00e7\u00f5es at\u00e9 4 de novembro<\/strong><\/p>\n<h3>Consulte a informa\u00e7\u00e3o geral <a href=\"https:\/\/competiciones.triatlon.org\/es\/evento\/jornadas-tecnicas-iberoamericanas-2020\">aqui\u00a0<\/a><\/h3>\n<p>&nbsp;<\/p>\n","protected":false},"excerpt":{"rendered":"<p>Jornadas online da Federa\u00e7\u00e3o de Triatlo Espanhola em parceria com [&hellip;]<\/p>\n","protected":false},"author":8439,"featured_media":64836,"comment_status":"closed","ping_status":"closed","sticky":false,"template":"","format":"standard","meta":{"footnotes":""},"categories":[7,2],"tags":[],"_links":{"self":[{"href":"https:\/\/www.federacao-triatlo.pt\/ftp2015\/wp-json\/wp\/v2\/posts\/64814"}],"collection":[{"href":"https:\/\/www.federacao-triatlo.pt\/ftp2015\/wp-json\/wp\/v2\/posts"}],"about":[{"href":"https:\/\/www.federacao-triatlo.pt\/ftp2015\/wp-json\/wp\/v2\/types\/post"}],"author":[{"embeddable":true,"href":"https:\/\/www.federacao-triatlo.pt\/ftp2015\/wp-json\/wp\/v2\/users\/8439"}],"replies":[{"embeddable":true,"href":"https:\/\/www.federacao-triatlo.pt\/ftp2015\/wp-json\/wp\/v2\/comments?post=64814"}],"version-history":[{"count":0,"href":"https:\/\/www.federacao-triatlo.pt\/ftp2015\/wp-json\/wp\/v2\/posts\/64814\/revisions"}],"wp:featuredmedia":[{"embeddable":true,"href":"https:\/\/www.federacao-triatlo.pt\/ftp2015\/wp-json\/wp\/v2\/media\/64836"}],"wp:attachment":[{"href":"https:\/\/www.federacao-triatlo.pt\/ftp2015\/wp-json\/wp\/v2\/media?parent=64814"}],"wp:term":[{"taxonomy":"category","embeddable":true,"href":"https:\/\/www.federacao-triatlo.pt\/ftp2015\/wp-json\/wp\/v2\/categories?post=64814"},{"taxonomy":"post_tag","embeddable":true,"href":"https:\/\/www.federacao-triatlo.pt\/ftp2015\/wp-json\/wp\/v2\/tags?post=64814"}],"curies":[{"name":"wp","href":"https:\/\/api.w.org\/{rel}","templated":true}]}}