{"id":64291,"date":"2020-09-30T18:23:17","date_gmt":"2020-09-30T18:23:17","guid":{"rendered":"https:\/\/www.federacao-triatlo.pt\/ftp2015\/?p=64291"},"modified":"2020-09-30T18:32:30","modified_gmt":"2020-09-30T18:32:30","slug":"curso-de-treinador-de-triatlo-grau-i-em-aveiro","status":"publish","type":"post","link":"https:\/\/www.federacao-triatlo.pt\/ftp2015\/curso-de-treinador-de-triatlo-grau-i-em-aveiro\/","title":{"rendered":"Curso de Treinador de Triatlo Grau I em Aveiro"},"content":{"rendered":"<p><strong>Curso de Treinador de Triatlo Grau I come\u00e7a a 30 de outubro em Aveiro.<\/strong><br \/>\n<!--more-->Em cumprimento do seu plano de forma\u00e7\u00e3o de Recursos Humanos para 2020, \u00e9 com satisfa\u00e7\u00e3o que a Federa\u00e7\u00e3o de Triatlo de Portugal anuncia a realiza\u00e7\u00e3o de um curso de treinador de Triatlo Grau I na zona Norte \u2013 pela primeira vez em Aveiro, em parceria com o Clube dos Galitos.<\/p>\n<p>Este curso tem como objetivo formar treinadores que enquadrem escal\u00f5es de forma\u00e7\u00e3o e atletas iniciantes do Triatlo.<\/p>\n<h3><strong>A forma\u00e7\u00e3o \u00e9 dividida em tr\u00eas componentes:<\/strong><\/h3>\n<blockquote><p><strong>Geral<\/strong> \u2013 36h online com a nossa parceira de forma\u00e7\u00e3o Gnosies;<\/p>\n<p><strong>Espec\u00edfica<\/strong> &#8211; 36h presenciais nos dias 30 de outubro e 6 de novembro (das 18h30 \u00e0s 22h) e nos dias 31 de outubro, 1, 7, 8 e 11 de novembro (9h \u00e0s 18h). A presen\u00e7a \u00e9 obrigat\u00f3ria, caso exceda o limite de 10% de faltas poder\u00e1 ser exclu\u00eddo do curso.<\/p>\n<p><strong>Est\u00e1gio<\/strong> &#8211; 550h, aproximadamente uma \u00e9poca desportiva, em que se pretende que os treinadores trabalhem no terreno, em treino e acompanhamento a competi\u00e7\u00f5es.<\/p>\n<p>A componente espec\u00edfica decorrer\u00e1 no sal\u00e3o Nobre do Clube dos Galitos (Aveiro), que permite o distanciamento exigido pela DGS.<\/p>\n<p><strong>Morada<\/strong>: Clube dos Galitos &#8211; R. Domingos Carrancho 4, 3800-202 Aveiro<\/p>\n<p><strong>Limite de vagas<\/strong>: 20 formandos<\/p><\/blockquote>\n<h3>Crit\u00e9rios de sele\u00e7\u00e3o:<\/h3>\n<ol>\n<li>Licenciados em Ci\u00eancias do Desporto ou detentores de TPTD de outra modalidade individual;<\/li>\n<li>Inscri\u00e7\u00e3o proposta por um clube filiado na Federa\u00e7\u00e3o de Triatlo de Portugal;<\/li>\n<li>Outras inscri\u00e7\u00f5es, desde que habilitados com o 12\u00ba ano de escolaridade.<\/li>\n<\/ol>\n<p>Os candidatos selecionados ser\u00e3o contatados at\u00e9 dia 20\/10, para confirmarem a sua inscri\u00e7\u00e3o atrav\u00e9s de pagamento (100\u20ac).<\/p>\n<h3>Informa\u00e7\u00f5es e inscri\u00e7\u00f5es <a href=\"https:\/\/forms.gle\/FeQmLmzLm3CPLJcv6\">aqui<\/a><\/h3>\n","protected":false},"excerpt":{"rendered":"<p>Curso de Treinador de Triatlo Grau I come\u00e7a a 30 [&hellip;]<\/p>\n","protected":false},"author":8439,"featured_media":64295,"comment_status":"closed","ping_status":"closed","sticky":false,"template":"","format":"standard","meta":{"footnotes":""},"categories":[7,2],"tags":[],"_links":{"self":[{"href":"https:\/\/www.federacao-triatlo.pt\/ftp2015\/wp-json\/wp\/v2\/posts\/64291"}],"collection":[{"href":"https:\/\/www.federacao-triatlo.pt\/ftp2015\/wp-json\/wp\/v2\/posts"}],"about":[{"href":"https:\/\/www.federacao-triatlo.pt\/ftp2015\/wp-json\/wp\/v2\/types\/post"}],"author":[{"embeddable":true,"href":"https:\/\/www.federacao-triatlo.pt\/ftp2015\/wp-json\/wp\/v2\/users\/8439"}],"replies":[{"embeddable":true,"href":"https:\/\/www.federacao-triatlo.pt\/ftp2015\/wp-json\/wp\/v2\/comments?post=64291"}],"version-history":[{"count":0,"href":"https:\/\/www.federacao-triatlo.pt\/ftp2015\/wp-json\/wp\/v2\/posts\/64291\/revisions"}],"wp:featuredmedia":[{"embeddable":true,"href":"https:\/\/www.federacao-triatlo.pt\/ftp2015\/wp-json\/wp\/v2\/media\/64295"}],"wp:attachment":[{"href":"https:\/\/www.federacao-triatlo.pt\/ftp2015\/wp-json\/wp\/v2\/media?parent=64291"}],"wp:term":[{"taxonomy":"category","embeddable":true,"href":"https:\/\/www.federacao-triatlo.pt\/ftp2015\/wp-json\/wp\/v2\/categories?post=64291"},{"taxonomy":"post_tag","embeddable":true,"href":"https:\/\/www.federacao-triatlo.pt\/ftp2015\/wp-json\/wp\/v2\/tags?post=64291"}],"curies":[{"name":"wp","href":"https:\/\/api.w.org\/{rel}","templated":true}]}}