{"id":64085,"date":"2020-09-24T16:30:43","date_gmt":"2020-09-24T16:30:43","guid":{"rendered":"https:\/\/www.federacao-triatlo.pt\/ftp2015\/?p=64085"},"modified":"2020-09-25T09:30:57","modified_gmt":"2020-09-25T09:30:57","slug":"a-ftp-realiza-curso-de-treinador-de-triatlo-grau-ii","status":"publish","type":"post","link":"https:\/\/www.federacao-triatlo.pt\/ftp2015\/a-ftp-realiza-curso-de-treinador-de-triatlo-grau-ii\/","title":{"rendered":"A FTP realiza Curso de Treinador de Triatlo Grau II"},"content":{"rendered":"<p><strong>O Curso de Treinador de de Triatlo Grau II come\u00e7a dia 13 de novembro.<\/strong><br \/>\n<!--more-->No dia 13 de novembro iniciamos o Curso de Treinador de Triatlo Grau II, destinado a detentores do Curso de Treinadores de Triatlo Grau I, que pretende atribuir as compet\u00eancias de planeamento e enquadramento t\u00e9cnico de clubes\/equipas.<\/p>\n<p><strong>A forma\u00e7\u00e3o encontra-se dividida em tr\u00eas componentes: <\/strong><\/p>\n<blockquote><p><strong>Geral<\/strong> \u2013 60 horas lecionadas online com a nossa parceira de forma\u00e7\u00e3o Gnosies;<\/p>\n<p><strong>Espec\u00edfica<\/strong> \u2013 60 horas presenciais nos dias 13, 20 e 27 de novembro, das 18h30 \u00e0s 22h e nos dias 14,15,21,22 e 28 de novembro das 9h \u00e0s 18h. A presen\u00e7a \u00e9 obrigat\u00f3ria, n\u00e3o sendo poss\u00edvel exceder 10% das faltas sob pena de ser exclu\u00eddo\/a do curso.<\/p>\n<p><strong>Est\u00e1gio<\/strong> &#8211; 800h, aproximadamente uma \u00e9poca desportiva, em que se pretende desenvolver trabalho no terreno, em treino e acompanhamento a competi\u00e7\u00f5es.<\/p>\n<p><strong>Local:<\/strong> Oeiras para a componente espec\u00edfica para as atividades te\u00f3ricas e pr\u00e1ticas<br \/>\nAudit\u00f3rio Municipal Maestro C\u00e9sar Batalha<br \/>\nGalerias Alto da Barra- Av. das Descobertas, 59<br \/>\n2780-053 <strong>\u00a0\u00a0<\/strong><\/p><\/blockquote>\n<p><strong>Limite de vagas:<\/strong> 20 formandos<\/p>\n<p>Crit\u00e9rios de sele\u00e7\u00e3o (Requisito ter c\u00e9dula de treinador de Triatlo de Grau I):<\/p>\n<ol>\n<li>Licenciados em Ci\u00eancias do Desporto, ou detentores de TPTD de Grau II de outra modalidade individual;<\/li>\n<li>Inscri\u00e7\u00e3o proposta por um clube filiado na Federa\u00e7\u00e3o de Triatlo de Portugal;<\/li>\n<li>Outras inscri\u00e7\u00f5es, desde que habilitados com o 12\u00ba ano de escolaridade.<\/li>\n<\/ol>\n<h2>Inscreva-se <a href=\"https:\/\/docs.google.com\/forms\/d\/e\/1FAIpQLSeumoCFMPtiERYF7lUrGyb3aFUtCWG8TDrGhD9odAVW3PLsXw\/viewform\">aqui<\/a><\/h2>\n<p>Os candidatos selecionados ser\u00e3o contactados at\u00e9 dia 20 de outubro para confirmar a sua inscri\u00e7\u00e3o atrav\u00e9s de pagamento (150\u20ac).<\/p>\n<p>Em caso de d\u00favida ou para pedido de esclarecimentos contacte o respons\u00e1vel da forma\u00e7\u00e3o: manuel.alves@federacao-triatlo.pt<\/p>\n","protected":false},"excerpt":{"rendered":"<p>O Curso de Treinador de de Triatlo Grau II come\u00e7a [&hellip;]<\/p>\n","protected":false},"author":8439,"featured_media":64100,"comment_status":"closed","ping_status":"closed","sticky":false,"template":"","format":"standard","meta":{"footnotes":""},"categories":[7,2],"tags":[],"_links":{"self":[{"href":"https:\/\/www.federacao-triatlo.pt\/ftp2015\/wp-json\/wp\/v2\/posts\/64085"}],"collection":[{"href":"https:\/\/www.federacao-triatlo.pt\/ftp2015\/wp-json\/wp\/v2\/posts"}],"about":[{"href":"https:\/\/www.federacao-triatlo.pt\/ftp2015\/wp-json\/wp\/v2\/types\/post"}],"author":[{"embeddable":true,"href":"https:\/\/www.federacao-triatlo.pt\/ftp2015\/wp-json\/wp\/v2\/users\/8439"}],"replies":[{"embeddable":true,"href":"https:\/\/www.federacao-triatlo.pt\/ftp2015\/wp-json\/wp\/v2\/comments?post=64085"}],"version-history":[{"count":0,"href":"https:\/\/www.federacao-triatlo.pt\/ftp2015\/wp-json\/wp\/v2\/posts\/64085\/revisions"}],"wp:featuredmedia":[{"embeddable":true,"href":"https:\/\/www.federacao-triatlo.pt\/ftp2015\/wp-json\/wp\/v2\/media\/64100"}],"wp:attachment":[{"href":"https:\/\/www.federacao-triatlo.pt\/ftp2015\/wp-json\/wp\/v2\/media?parent=64085"}],"wp:term":[{"taxonomy":"category","embeddable":true,"href":"https:\/\/www.federacao-triatlo.pt\/ftp2015\/wp-json\/wp\/v2\/categories?post=64085"},{"taxonomy":"post_tag","embeddable":true,"href":"https:\/\/www.federacao-triatlo.pt\/ftp2015\/wp-json\/wp\/v2\/tags?post=64085"}],"curies":[{"name":"wp","href":"https:\/\/api.w.org\/{rel}","templated":true}]}}