{"id":63105,"date":"2020-08-11T15:15:36","date_gmt":"2020-08-11T15:15:36","guid":{"rendered":"https:\/\/www.federacao-triatlo.pt\/ftp2015\/?p=63105"},"modified":"2020-08-11T15:26:13","modified_gmt":"2020-08-11T15:26:13","slug":"curso-inicial-de-arbitros-5","status":"publish","type":"post","link":"https:\/\/www.federacao-triatlo.pt\/ftp2015\/curso-inicial-de-arbitros-5\/","title":{"rendered":"Curso Inicial de \u00c1rbitros"},"content":{"rendered":"<p><strong>\u00c9 no dia 5 de setembro que se ir\u00e1 realizar um Curso Inicial de \u00c1rbitros de Triatlo\u00a0<\/strong><br \/>\n<!--more-->A Federa\u00e7\u00e3o de Triatlo de Portugal d\u00e1 continuidade ao seu objetivo em melhorar a qualidade do quadro competitivo, sempre na perspetiva da realiza\u00e7\u00e3o de competi\u00e7\u00f5es mais justas e equitativas. Essa meta passa pelo refor\u00e7o da equipa de \u00e1rbitros competentes. A FTP, em parceria com a Associa\u00e7\u00e3o de \u00c1rbitros de Triatlo de Portugal (AATP), ir\u00e1 ministrar um curso inicial de 10 horas, que integra igualmente a forma\u00e7\u00e3o em local de trabalho com a participa\u00e7\u00e3o em cinco provas como \u00e1rbitro estagi\u00e1rio.<\/p>\n<h3>Se est\u00e1 interessado em frequentar este curso, inscreva-se <a href=\"https:\/\/forms.gle\/taNju3jxDLdMsVfK8\">aqui<\/a><\/h3>\n","protected":false},"excerpt":{"rendered":"<p>\u00c9 no dia 5 de setembro que se ir\u00e1 realizar [&hellip;]<\/p>\n","protected":false},"author":8439,"featured_media":63108,"comment_status":"closed","ping_status":"closed","sticky":false,"template":"","format":"standard","meta":{"footnotes":""},"categories":[7,2],"tags":[],"_links":{"self":[{"href":"https:\/\/www.federacao-triatlo.pt\/ftp2015\/wp-json\/wp\/v2\/posts\/63105"}],"collection":[{"href":"https:\/\/www.federacao-triatlo.pt\/ftp2015\/wp-json\/wp\/v2\/posts"}],"about":[{"href":"https:\/\/www.federacao-triatlo.pt\/ftp2015\/wp-json\/wp\/v2\/types\/post"}],"author":[{"embeddable":true,"href":"https:\/\/www.federacao-triatlo.pt\/ftp2015\/wp-json\/wp\/v2\/users\/8439"}],"replies":[{"embeddable":true,"href":"https:\/\/www.federacao-triatlo.pt\/ftp2015\/wp-json\/wp\/v2\/comments?post=63105"}],"version-history":[{"count":0,"href":"https:\/\/www.federacao-triatlo.pt\/ftp2015\/wp-json\/wp\/v2\/posts\/63105\/revisions"}],"wp:featuredmedia":[{"embeddable":true,"href":"https:\/\/www.federacao-triatlo.pt\/ftp2015\/wp-json\/wp\/v2\/media\/63108"}],"wp:attachment":[{"href":"https:\/\/www.federacao-triatlo.pt\/ftp2015\/wp-json\/wp\/v2\/media?parent=63105"}],"wp:term":[{"taxonomy":"category","embeddable":true,"href":"https:\/\/www.federacao-triatlo.pt\/ftp2015\/wp-json\/wp\/v2\/categories?post=63105"},{"taxonomy":"post_tag","embeddable":true,"href":"https:\/\/www.federacao-triatlo.pt\/ftp2015\/wp-json\/wp\/v2\/tags?post=63105"}],"curies":[{"name":"wp","href":"https:\/\/api.w.org\/{rel}","templated":true}]}}