{"id":62406,"date":"2020-06-25T11:26:23","date_gmt":"2020-06-25T11:26:23","guid":{"rendered":"https:\/\/www.federacao-triatlo.pt\/ftp2015\/?p=62406"},"modified":"2020-06-25T11:26:23","modified_gmt":"2020-06-25T11:26:23","slug":"acao-de-formacao-continua","status":"publish","type":"post","link":"https:\/\/www.federacao-triatlo.pt\/ftp2015\/acao-de-formacao-continua\/","title":{"rendered":"A\u00e7\u00e3o de forma\u00e7\u00e3o Cont\u00ednua\u2013 Aerodin\u00e2mica no Ciclismo"},"content":{"rendered":"<p><strong>A forma\u00e7\u00e3o em Aerodin\u00e2mica, direcionada para treinadores, realiza-se no dia 14 de julho \u00e0s 18h.<\/strong><br \/>\n<!--more-->A Federa\u00e7\u00e3o de Triatlo de Portugal ir\u00e1 levar a cabo no dia 14 de julho, das 18h \u00e0s 20h, uma forma\u00e7\u00e3o online destinada a Treinadores de Triatlo, desta vez na \u00e1rea do ciclismo, segmento que que ocupa cerca de 50% das provas de triatlo.<\/p>\n<p>Atualmente, atribui-se muita import\u00e2ncia \u00e0 prepara\u00e7\u00e3o dos segmentos do ciclismo, que possuem percursos cada vez mais t\u00e9cnicos e r\u00e1pidos nas dist\u00e2ncias sprint e standard. Com especial relev\u00e2ncia para potenciar a performance na corrida em todas as dist\u00e2ncias, \u00e9 essencial aprofundarmos todos os aspetos que influenciam um bom ciclismo, com especial foco na aerodin\u00e2mica.<\/p>\n<p>Nesta forma\u00e7\u00e3o estaremos a retomar o t\u00f3pico \u2013 a aerodin\u00e2mica &#8211; que ficou por abordar na a\u00e7\u00e3o de forma\u00e7\u00e3o que se realizou em abril de 2020 \u2013 \u2018Otimiza\u00e7\u00e3o biomec\u00e2nica no Ciclismo em Triatlo\u2019.<\/p>\n<p>O formador Dr. Nuno Gama aprofundar\u00e1 o tema nesta a\u00e7\u00e3o de forma\u00e7\u00e3o cont\u00ednua que decorrer\u00e1 online.<\/p>\n<p>Data: 14\/7, das 18h \u00e0s 20h<\/p>\n<p>UC: 0,4 UC atribu\u00eddas na componente espec\u00edfica para revalida\u00e7\u00e3o da c\u00e9dula de treinador de Triatlo<\/p>\n<p>Valor: 5\u20ac<\/p>\n<h3>As inscri\u00e7\u00f5es abrem no dia 29 de junho, \u00e0s 15h e encerram no dia 13 de julho \u00e0s 15.<\/h3>\n<h3>Inscreva-se no site da FTP <a href=\"https:\/\/www.federacao-triatlo.pt\/ftp2015\/aplicacao-de-gestao-ftp\/\">aqui<\/a><\/h3>\n<h2><\/h2>\n<p>&nbsp;<\/p>\n","protected":false},"excerpt":{"rendered":"<p>A forma\u00e7\u00e3o em Aerodin\u00e2mica, direcionada para treinadores, realiza-se no dia [&hellip;]<\/p>\n","protected":false},"author":8439,"featured_media":62407,"comment_status":"closed","ping_status":"closed","sticky":false,"template":"","format":"standard","meta":{"footnotes":""},"categories":[7,2],"tags":[],"_links":{"self":[{"href":"https:\/\/www.federacao-triatlo.pt\/ftp2015\/wp-json\/wp\/v2\/posts\/62406"}],"collection":[{"href":"https:\/\/www.federacao-triatlo.pt\/ftp2015\/wp-json\/wp\/v2\/posts"}],"about":[{"href":"https:\/\/www.federacao-triatlo.pt\/ftp2015\/wp-json\/wp\/v2\/types\/post"}],"author":[{"embeddable":true,"href":"https:\/\/www.federacao-triatlo.pt\/ftp2015\/wp-json\/wp\/v2\/users\/8439"}],"replies":[{"embeddable":true,"href":"https:\/\/www.federacao-triatlo.pt\/ftp2015\/wp-json\/wp\/v2\/comments?post=62406"}],"version-history":[{"count":0,"href":"https:\/\/www.federacao-triatlo.pt\/ftp2015\/wp-json\/wp\/v2\/posts\/62406\/revisions"}],"wp:featuredmedia":[{"embeddable":true,"href":"https:\/\/www.federacao-triatlo.pt\/ftp2015\/wp-json\/wp\/v2\/media\/62407"}],"wp:attachment":[{"href":"https:\/\/www.federacao-triatlo.pt\/ftp2015\/wp-json\/wp\/v2\/media?parent=62406"}],"wp:term":[{"taxonomy":"category","embeddable":true,"href":"https:\/\/www.federacao-triatlo.pt\/ftp2015\/wp-json\/wp\/v2\/categories?post=62406"},{"taxonomy":"post_tag","embeddable":true,"href":"https:\/\/www.federacao-triatlo.pt\/ftp2015\/wp-json\/wp\/v2\/tags?post=62406"}],"curies":[{"name":"wp","href":"https:\/\/api.w.org\/{rel}","templated":true}]}}