{"id":61966,"date":"2020-05-22T15:33:54","date_gmt":"2020-05-22T15:33:54","guid":{"rendered":"https:\/\/www.federacao-triatlo.pt\/ftp2015\/?p=61966"},"modified":"2020-05-22T15:41:02","modified_gmt":"2020-05-22T15:41:02","slug":"2a-tritulia-a-conversa-com-treinadores-de-triatlo","status":"publish","type":"post","link":"https:\/\/www.federacao-triatlo.pt\/ftp2015\/2a-tritulia-a-conversa-com-treinadores-de-triatlo\/","title":{"rendered":"2\u00aa Trit\u00falia: \u00e0 conversa com treinadores de Triatlo"},"content":{"rendered":"<h2 class=\"entry-title fusion-post-title fusion-responsive-typography-calculated\" data-fontsize=\"18\" data-lineheight=\"27px\">Trit\u00falia no Facebook no dia 22 de maio \u00e0s 21h<!--more--><\/h2>\n<div class=\"post-content\">\n<p><span id=\"more-61867\"><\/span>Depois da grande ades\u00e3o da primeira Trit\u00falia com o tema Longa Dist\u00e2ncia, a Federa\u00e7\u00e3o de Triatlo de Portugal ir\u00e1 realizar a segunda sess\u00e3o da s\u00e9rie de Trit\u00falias, um espa\u00e7o de conversa que se realiza quinzenalmente. <strong>Desta vez, H\u00e9lder Miheiras, treinador de Triatlo e moderador destas sess\u00f5es, marcou encontro com os treinadores Jo\u00e3o Mascarenhas, Lino Barruncho, Paulo Conde e S\u00e9rgio Santos, profissionais com diferentes val\u00eancias e perspetivas o que ir\u00e1 enriquecer o debate.\u00a0<\/strong><\/p>\n<p>O treino \u00e9 um tema estruturante no Triatlo pelo que, al\u00e9m falarmos da carreira como treinadores e como triatletas, haver\u00e1 com certeza muitas quest\u00f5es interessantes para os praticantes da modalidade.<\/p>\n<p><strong>Ser\u00e1 poss\u00edvel assistir e participar atrav\u00e9s do Facebook,\u00a0<\/strong>criando-se assim um espa\u00e7o de debate interativo enriquecedor para todos n\u00f3s.<\/p>\n<p>Contamos com a sua presen\u00e7a!<\/p>\n<\/div>\n","protected":false},"excerpt":{"rendered":"<p>Trit\u00falia no Facebook no dia 22 de maio \u00e0s 21h<\/p>\n","protected":false},"author":8439,"featured_media":61969,"comment_status":"closed","ping_status":"closed","sticky":false,"template":"","format":"standard","meta":{"footnotes":""},"categories":[335,2],"tags":[],"_links":{"self":[{"href":"https:\/\/www.federacao-triatlo.pt\/ftp2015\/wp-json\/wp\/v2\/posts\/61966"}],"collection":[{"href":"https:\/\/www.federacao-triatlo.pt\/ftp2015\/wp-json\/wp\/v2\/posts"}],"about":[{"href":"https:\/\/www.federacao-triatlo.pt\/ftp2015\/wp-json\/wp\/v2\/types\/post"}],"author":[{"embeddable":true,"href":"https:\/\/www.federacao-triatlo.pt\/ftp2015\/wp-json\/wp\/v2\/users\/8439"}],"replies":[{"embeddable":true,"href":"https:\/\/www.federacao-triatlo.pt\/ftp2015\/wp-json\/wp\/v2\/comments?post=61966"}],"version-history":[{"count":0,"href":"https:\/\/www.federacao-triatlo.pt\/ftp2015\/wp-json\/wp\/v2\/posts\/61966\/revisions"}],"wp:featuredmedia":[{"embeddable":true,"href":"https:\/\/www.federacao-triatlo.pt\/ftp2015\/wp-json\/wp\/v2\/media\/61969"}],"wp:attachment":[{"href":"https:\/\/www.federacao-triatlo.pt\/ftp2015\/wp-json\/wp\/v2\/media?parent=61966"}],"wp:term":[{"taxonomy":"category","embeddable":true,"href":"https:\/\/www.federacao-triatlo.pt\/ftp2015\/wp-json\/wp\/v2\/categories?post=61966"},{"taxonomy":"post_tag","embeddable":true,"href":"https:\/\/www.federacao-triatlo.pt\/ftp2015\/wp-json\/wp\/v2\/tags?post=61966"}],"curies":[{"name":"wp","href":"https:\/\/api.w.org\/{rel}","templated":true}]}}