{"id":55486,"date":"2019-10-17T12:40:05","date_gmt":"2019-10-17T12:40:05","guid":{"rendered":"https:\/\/www.federacao-triatlo.pt\/ftp2015\/?p=55486"},"modified":"2019-10-21T10:14:31","modified_gmt":"2019-10-21T10:14:31","slug":"federacao-de-triatlo-de-portugal-celebra-30-anos-de-vida","status":"publish","type":"post","link":"https:\/\/www.federacao-triatlo.pt\/ftp2015\/federacao-de-triatlo-de-portugal-celebra-30-anos-de-vida\/","title":{"rendered":"Federa\u00e7\u00e3o de Triatlo de Portugal celebra 30 anos de vida!"},"content":{"rendered":"<p><strong>Realizou-se no dia 16 de outubro no Museu Nacional de Desporto o 30\u00ba. aniversario da Federa\u00e7\u00e3o de Triatlo de Portugal.<\/strong><br \/>\n<!--more--><\/p>\n<p>Na cerim\u00f3nia de celebra\u00e7\u00e3o dos 30 anos estiveram presentes algumas entidades fundamentais para o desenvolvimento do desporto, marcando tamb\u00e9m presen\u00e7a alguns dos atletas que ajudaram a construir a hist\u00f3ria do triatlo nacional e do panorama internacional.<\/p>\n<p>Uma federa\u00e7\u00e3o recente, mas que conta j\u00e1 com muitas medalhas, entre elas a prata alcan\u00e7ada por Vanessa Fernandes nos Jogos Ol\u00edmpicos em 2008.<\/p>\n<p>Acima de tudo, celebrou-se a oportunidade de reunir a comunidade do triatlo, as institui\u00e7\u00f5es, os atletas atuais e antigas gl\u00f3rias, realizando uma homenagem e conv\u00edvio in\u00e9ditos em Portugal. N\u00e3o sendo poss\u00edvel distinguir todos os merecedores do reconhecimento, selecionou-se algumas categorias, desejando que este g\u00e9nero de eventos se repita de modo a homenagear outras pessoas determinantes para o desenvolvimento do triatlo nacional.<\/p>\n<p>Para Vasco Rodrigues, presidente da Federa\u00e7\u00e3o de Triatlo de Portugal, este evento funcionou principalmente como um pretexto para \u00ab<strong>celebrar a oportunidade de ouro de reunir os atletas que estiveram nos prim\u00f3rdios do triatlo, envolvendo as entidades que apoiam a modalidade, juntando tamb\u00e9m atletas de topo e jovens promessas\u00bb. <\/strong><\/p>\n<p>Vitor Pataco, presidente do Instituto Portugu\u00eas de Desporto e Juventude, afirmou que o progresso \u00e9 not\u00f3rio numa modalidade ainda recente, tendo para isso contribu\u00eddo \u00ab<strong>equipas muito fortes com treinadores e atletas extraordin\u00e1rios que conseguiram elevar o patamar do triatlo num curto espa\u00e7o de tempo\u00bb<\/strong>. O presidente do IPDJ referiu ainda o percurso at\u00edpico da modalidade que, apenas com uma pequena base de cerca de 500 triatletas federados em 2008, conquistou uma medalha de prata nos Jogos Ol\u00edmpicos de Pequim. O dirigente elogiou o modelo adotado no triatlo, que lhe permitiu um crescimento muito significativo, refor\u00e7ando tamb\u00e9m a continuidade do apoio do IPDJ relativamente a esta e outras federa\u00e7\u00f5es.<\/p>\n<h3><strong>As homenagens da FTP no 30.\u00ba anivers\u00e1rio!<\/strong><\/h3>\n<p>Uma federa\u00e7\u00e3o cresce \u00e0 medida dos seus licenciados pelo que a primeira homenagem foi dirigida aos atletas federados mais antigos da FTP, alguns deles ininterruptamente h\u00e1 30 anos. A entrega dos trof\u00e9us foi realizada pelos jovens talentos da modalidades, como Alexandre Montez, In\u00eas Rico ou Ricardo Batista; os atletas que estiveram na g\u00e9nese do triatlo receberam os trof\u00e9us pela m\u00e3o dos atletas mais novos que, apesar da sua juventude, contam j\u00e1 com um excelente palmar\u00e9s nas suas curtas carreiras.<\/p>\n<p>O triatlo n\u00e3o constr\u00f3i sozinho, s\u00f3 existe como hoje o conhecemos pelo envolvimento das pessoas, entidades e atletas que acreditaram nesta nova modalidade. Existem alguns marcos importantes como a primeira prova, que se realizou na cidade de Peniche em 1984, ou a funda\u00e7\u00e3o da Federa\u00e7\u00e3o de Triatlo de Portugal em 1989. Tudo come\u00e7ou numa viagem aos EUA com Paulo Cavaleiro, tamb\u00e9m ele atleta (que mais tarde viria a integrar o cargo de segundo presidente da Federa\u00e7\u00e3o de Triatlo de Portugal),\u00a0 a encantar-se com uma competi\u00e7\u00e3o desportiva que assistiu por acaso em Nova Iorque. Mais tarde soube que se tratava de Triatlo, organizado pelo New York Road Runners Club, o clube de \u201ccorredores para corredores\u201d respons\u00e1vel pela maratona de Nova Iorque, a milha da 5.\u00aa avenida, a subida ao Empire Stare Building, entre mais de uma centena de competi\u00e7\u00f5es. Partilhou a sua ideia com M\u00e1rio Machado, da revista Spiridon, que o aconselhou a falar com Nuno Bello, da C\u00e2mara Municipal de Peniche. Com a equipa de desporto do munic\u00edpio de Peniche, Paulo Cavaleiro (presente neste anivers\u00e1rio) e Nuno Bello (este \u00faltimo tamb\u00e9m neste evento homenageado) organizou-se a primeira prova de triatlo em Portugal.<\/p>\n<p>Este 30\u00ba. anivers\u00e1rio da FTP conseguiu juntar atletas muito novos, que ainda n\u00e3o tinha nascido quando se constituiu a primeira entidade federativa, com outros que t\u00eam atualmente tantos anos de triatlo como a federa\u00e7\u00e3o tem de vida. O atual presidente, Vasco Rodrigues, e alguns dos ex-presidentes que marcaram presen\u00e7a neste encontro, como Jos\u00e9 Lu\u00eds Ferreira, Adriano Cunha e Paulo Cavaleiro entregaram os trof\u00e9us \u00e0 gera\u00e7\u00e3o de triatletas que marcou estas tr\u00eas d\u00e9cadas, entre Campe\u00f5es da Europa, Campe\u00f5es do Mundo, atletas ol\u00edmpicos e medalhados em Jogos Ol\u00edmpicos da Juventude. Alexandre Montez, duplo medalhado nos Jogos Ol\u00edmpicos da Juventude, In\u00eas Rico, Campe\u00e3 da Europa por Estafetas Mistas ou Tiago Batista, que recentemente conquistou o t\u00edtulo de Campe\u00e3o do Mundo, foram alguns desses atletas. Outros receberam tamb\u00e9m um trof\u00e9u de homenagem pelo seu percurso, como Jo\u00e3o Silva, triplo Campe\u00e3o da Europa sub 23 e vencedor de duas etapas do Campeonato do Mundo, ou Ana\u00eds Moniz e Lino Barruncho, ambos Campe\u00f5es do Mundo de Triatlo e Duatlo J\u00fanior respetivamente, passando tamb\u00e9m por Bruno Pais, Campe\u00e3o da Europa sub 23 e atleta ol\u00edmpico. Distin\u00e7\u00e3o de m\u00e9rito tamb\u00e9m para S\u00e9rgio Marques, que recentemente conquistou o t\u00edtulo de Campe\u00e3o do Mundo de Grupos de idade no Campeonato do Mundo IRONMAN 2019, como s\u00edmbolo de agradecimento ao grande empenho dos triatletas em geral.<\/p>\n<p>Foram distinguidos 19 atletas, 16 membros da primeira dire\u00e7\u00e3o da Federa\u00e7\u00e3o de Triatlo, os nove federados mais antigos desta institui\u00e7\u00e3o e algumas entidades que t\u00eam apoiado o desporto, entre elas o IPDJ, o COP, os Jogos Santa Casa e a C\u00e2mara Municipal de Peniche que organizou o primeiro triatlo. Destaque tamb\u00e9m para a revista Triatl3ta pela dedica\u00e7\u00e3o \u00fanica e empenho inigual\u00e1vel na \u00fanica publica\u00e7\u00e3o nacional da modalidade.<\/p>\n<div id=\"attachment_55488\" style=\"width: 1034px\" class=\"wp-caption alignnone\"><a href=\"https:\/\/www.federacao-triatlo.pt\/ftp2015\/wp-content\/uploads\/2019\/10\/Presidente_AntigosPresidentesFTP.jpg\"><img aria-describedby=\"caption-attachment-55488\" decoding=\"async\" class=\"wp-image-55488 size-large\" src=\"https:\/\/www.federacao-triatlo.pt\/ftp2015\/wp-content\/uploads\/2019\/10\/Presidente_AntigosPresidentesFTP-1024x683.jpg\" alt=\"Vasco Rodrigues (7\u00ba e atual presidente da FTP), Jos\u00e9 Luis Ferreira (5\u00ba presidente da FTP), Carlos Raimundo (presidente da Associa\u00e7\u00e3o Portuguesa de Triatlo, entidade\u00a0 anterior \u00e0 FTP) e Adriano Cunha (4\u00ba presidente da FTP).\" width=\"1024\" height=\"683\" srcset=\"https:\/\/www.federacao-triatlo.pt\/ftp2015\/wp-content\/uploads\/2019\/10\/Presidente_AntigosPresidentesFTP-200x133.jpg 200w, https:\/\/www.federacao-triatlo.pt\/ftp2015\/wp-content\/uploads\/2019\/10\/Presidente_AntigosPresidentesFTP-300x200.jpg 300w, https:\/\/www.federacao-triatlo.pt\/ftp2015\/wp-content\/uploads\/2019\/10\/Presidente_AntigosPresidentesFTP-400x267.jpg 400w, https:\/\/www.federacao-triatlo.pt\/ftp2015\/wp-content\/uploads\/2019\/10\/Presidente_AntigosPresidentesFTP-500x333.jpg 500w, https:\/\/www.federacao-triatlo.pt\/ftp2015\/wp-content\/uploads\/2019\/10\/Presidente_AntigosPresidentesFTP-600x400.jpg 600w, https:\/\/www.federacao-triatlo.pt\/ftp2015\/wp-content\/uploads\/2019\/10\/Presidente_AntigosPresidentesFTP-768x512.jpg 768w, https:\/\/www.federacao-triatlo.pt\/ftp2015\/wp-content\/uploads\/2019\/10\/Presidente_AntigosPresidentesFTP-800x533.jpg 800w, https:\/\/www.federacao-triatlo.pt\/ftp2015\/wp-content\/uploads\/2019\/10\/Presidente_AntigosPresidentesFTP-1024x683.jpg 1024w, https:\/\/www.federacao-triatlo.pt\/ftp2015\/wp-content\/uploads\/2019\/10\/Presidente_AntigosPresidentesFTP-1200x800.jpg 1200w, https:\/\/www.federacao-triatlo.pt\/ftp2015\/wp-content\/uploads\/2019\/10\/Presidente_AntigosPresidentesFTP.jpg 1560w\" sizes=\"(max-width: 1024px) 100vw, 1024px\" \/><\/a><p id=\"caption-attachment-55488\" class=\"wp-caption-text\">Vasco Rodrigues (7\u00ba e atual presidente da FTP), Jos\u00e9 Luis Ferreira (5\u00ba presidente da FTP), Adriano Cunha (4\u00ba presidente da FTP) e Paulo Cavaleiro (2\u00ba presidente da FTP)<\/p><\/div>\n<p>Esta cerim\u00f3nia celebrou o encontro de gera\u00e7\u00f5es entre atletas e dirigentes de diferentes n\u00edveis que partilham uma caractter\u00edstica: o seu contributo para o desenvolvimento da modalidade.<\/p>\n<p>Desta forma assinalou-se o 30.\u00ba anivers\u00e1rio da Federa\u00e7\u00e3o de Triatlo de Portugal, terminando com os parab\u00e9ns cantados \u00e0 FTP e uma grande salva de palmas \u00e0 fam\u00edlia triatl\u00e9tica.<\/p>\n<p><strong>Parab\u00e9ns tamb\u00e9m para os atletas<\/strong> Alexandre Montez, Ana\u00eds Moniz, Bruno Pais, Duarte Marques,Filipe Azevedo, Gabriela Ribeiro, Hugo Ventura, In\u00eas Rico, Jo\u00e3o Pereira, Jo\u00e3o Silva, Lino Barruncho, Miguel Arraiolos, Ricardo Batista, Ricardo Costa, Tiago Fonseca, Vanessa Fernandes, Vasco Vila\u00e7a, S\u00e9rgio Silva e S\u00e9rgio Marques.<\/p>\n<p>A todos, bem hajam pela dedica\u00e7\u00e3o ao triatlo!<\/p>\n<p>&nbsp;<\/p>\n<p>&nbsp;<\/p>\n","protected":false},"excerpt":{"rendered":"<p>Realizou-se no dia 16 de outubro no Museu Nacional de [&hellip;]<\/p>\n","protected":false},"author":8439,"featured_media":55487,"comment_status":"closed","ping_status":"closed","sticky":false,"template":"","format":"standard","meta":{"footnotes":""},"categories":[2],"tags":[],"_links":{"self":[{"href":"https:\/\/www.federacao-triatlo.pt\/ftp2015\/wp-json\/wp\/v2\/posts\/55486"}],"collection":[{"href":"https:\/\/www.federacao-triatlo.pt\/ftp2015\/wp-json\/wp\/v2\/posts"}],"about":[{"href":"https:\/\/www.federacao-triatlo.pt\/ftp2015\/wp-json\/wp\/v2\/types\/post"}],"author":[{"embeddable":true,"href":"https:\/\/www.federacao-triatlo.pt\/ftp2015\/wp-json\/wp\/v2\/users\/8439"}],"replies":[{"embeddable":true,"href":"https:\/\/www.federacao-triatlo.pt\/ftp2015\/wp-json\/wp\/v2\/comments?post=55486"}],"version-history":[{"count":0,"href":"https:\/\/www.federacao-triatlo.pt\/ftp2015\/wp-json\/wp\/v2\/posts\/55486\/revisions"}],"wp:featuredmedia":[{"embeddable":true,"href":"https:\/\/www.federacao-triatlo.pt\/ftp2015\/wp-json\/wp\/v2\/media\/55487"}],"wp:attachment":[{"href":"https:\/\/www.federacao-triatlo.pt\/ftp2015\/wp-json\/wp\/v2\/media?parent=55486"}],"wp:term":[{"taxonomy":"category","embeddable":true,"href":"https:\/\/www.federacao-triatlo.pt\/ftp2015\/wp-json\/wp\/v2\/categories?post=55486"},{"taxonomy":"post_tag","embeddable":true,"href":"https:\/\/www.federacao-triatlo.pt\/ftp2015\/wp-json\/wp\/v2\/tags?post=55486"}],"curies":[{"name":"wp","href":"https:\/\/api.w.org\/{rel}","templated":true}]}}