{"id":55314,"date":"2019-10-10T15:42:28","date_gmt":"2019-10-10T15:42:28","guid":{"rendered":"https:\/\/www.federacao-triatlo.pt\/ftp2015\/?p=55314"},"modified":"2019-10-10T17:51:50","modified_gmt":"2019-10-10T17:51:50","slug":"campeonato-do-mundo-ironman-chega-dia-12-de-outubro-2019","status":"publish","type":"post","link":"https:\/\/www.federacao-triatlo.pt\/ftp2015\/campeonato-do-mundo-ironman-chega-dia-12-de-outubro-2019\/","title":{"rendered":"Campeonato do Mundo IRONMAN chega dia 12 de outubro 2019"},"content":{"rendered":"<p><strong>Este fim de semana realiza-se a mais ic\u00f3nica prova de IRONMAN do mundo!<br \/>\n<\/strong><!--more-->Por mais de quatro d\u00e9cadas, o IRONMAN World Championship reuniu os melhores atletas do mundo. A corrida inaugural de Kona foi realizada em 1978, um desafio lan\u00e7ado aos atletas bem-sucedidos em provas de nata\u00e7\u00e3o e resist\u00eancia. Judy e John Collins, da Marinha de Honolulu, propuseram a combina\u00e7\u00e3o das tr\u00eas provas de resist\u00eancia mais dif\u00edceis do Havai\u00ed &#8211; o Waikiki Roughwater Swim, com 3,9 km de extens\u00e3o, a Around-O&#8217;ahu Bike Race com 180km e a Maratona de Honolulu, com 42,2 km \u2013 num s\u00f3 evento.<\/p>\n<p>Em 18 de fevereiro de 1978, 15 pessoas foram a Waikiki para enfrentar o desafio IRONMAN. Antes das corridas, cada atleta recebeu tr\u00eas folhas com as regras e a descri\u00e7\u00e3o do percurso: \u00ab<strong>Nade 2,4 milhas, pedale 112 milhas, corra 26,2 milhas\u2026 Ser\u00e1 elogiado para o resto da vida!\u00bb<\/strong>, dizia na \u00faltima p\u00e1gina. Em 1981, a corrida mudou-se das costas tranquilas de Waikiki para os \u00e1ridos campos de lava de Kona, na grande ilha do Hava\u00ed. Os atletas participaram ao longo da costa de Kona, dominada pela rocha negra de lava, enfrentando o sol escaldante e temperaturas de 35 grau, lutando contra o <em>ho&#8217;omumuku<\/em> e os ventos cruzados de 70 km\/h.<\/p>\n<p>A dedica\u00e7\u00e3o e coragem demonstradas pelos participantes no Campeonato do Mundo do IRONMAN materializam o slogan \u2018anything is posible\u2019 \u2013 tudo \u00e9 poss\u00edvel. No dia 12 de outubro, mais de 2.000 atletas embarcar\u00e3o numa jornada de 140 milhas que apresenta o melhor teste para o corpo, mente e esp\u00edrito. Tudo para ganhar o t\u00edtulo IRONMAN.<\/p>\n<p>Os portugueses v\u00e3o estar representados por S\u00e9rgio Marques, Rui Narigueta, Carlos Cruz, Pedro Rui Silva e Nuno Fernandes. A acompanhar a comitiva portuguesa encontra-se o H\u00e9lder Milheiras que ser\u00e1 um apoio incans\u00e1vel no percurso com dicas certamente importantes para que os atletas alcancem os seus objetivos.<\/p>\n<p><!--more--><\/p>\n<h3><strong>Kona, 9 outubro&#8230; tr\u00eas dias antes do Campeonato do Mundo de IRONMAN 2019!<\/strong><\/h3>\n<p><a href=\"https:\/\/www.federacao-triatlo.pt\/ftp2015\/wp-content\/uploads\/2019\/10\/fotogeralHavai_o.jpg\"><img decoding=\"async\" class=\"alignnone wp-image-55324 \" src=\"https:\/\/www.federacao-triatlo.pt\/ftp2015\/wp-content\/uploads\/2019\/10\/fotogeralHavai_o-1024x485.jpg\" alt=\"\" width=\"779\" height=\"369\" srcset=\"https:\/\/www.federacao-triatlo.pt\/ftp2015\/wp-content\/uploads\/2019\/10\/fotogeralHavai_o-200x95.jpg 200w, https:\/\/www.federacao-triatlo.pt\/ftp2015\/wp-content\/uploads\/2019\/10\/fotogeralHavai_o-300x142.jpg 300w, https:\/\/www.federacao-triatlo.pt\/ftp2015\/wp-content\/uploads\/2019\/10\/fotogeralHavai_o-400x189.jpg 400w, https:\/\/www.federacao-triatlo.pt\/ftp2015\/wp-content\/uploads\/2019\/10\/fotogeralHavai_o-500x237.jpg 500w, https:\/\/www.federacao-triatlo.pt\/ftp2015\/wp-content\/uploads\/2019\/10\/fotogeralHavai_o-600x284.jpg 600w, https:\/\/www.federacao-triatlo.pt\/ftp2015\/wp-content\/uploads\/2019\/10\/fotogeralHavai_o-768x364.jpg 768w, https:\/\/www.federacao-triatlo.pt\/ftp2015\/wp-content\/uploads\/2019\/10\/fotogeralHavai_o-800x379.jpg 800w, https:\/\/www.federacao-triatlo.pt\/ftp2015\/wp-content\/uploads\/2019\/10\/fotogeralHavai_o-1024x485.jpg 1024w, https:\/\/www.federacao-triatlo.pt\/ftp2015\/wp-content\/uploads\/2019\/10\/fotogeralHavai_o-1200x568.jpg 1200w, https:\/\/www.federacao-triatlo.pt\/ftp2015\/wp-content\/uploads\/2019\/10\/fotogeralHavai_o.jpg 1352w\" sizes=\"(max-width: 779px) 100vw, 779px\" \/><\/a><\/p>\n<p>Por H\u00e9lder Milheiras, diretamente de Kona, Hawaii, onde tem acompanhado diariamente a rotina dos portugueses em prova<strong><br \/>\n<\/strong><\/p>\n<p><em>Ol\u00e1 a todos!<\/em><br \/>\n<em>No momento em que escrevo estas linhas, estamos sensivelmente a tr\u00eas dias do tiro de partida para mais uma edi\u00e7\u00e3o do t\u00e3o aguardado Campeonato do Mundo de IRONMAN.<\/em><\/p>\n<p>H\u00e1 cerca de uma semana na ilha, os nossos cinco atletas est\u00e3o j\u00e1 ambientados ao calor e humidade, come\u00e7ando a focar-se na prova.<\/p>\n<p>J\u00e1 est\u00e1 feito o registo e os briefings, este ano com grandes novidades nas partidas separadas (wave start) entre AG, com as regras bem definidas para se dirigirem \u00e0 partida.<\/p>\n<p>Os atletas est\u00e3o confiantes, entrando neste momento naquela fase em que se colocam algumas d\u00favidas quanto ao dia da prova. Como estar\u00e1 o corpo? Ser\u00e1 que estar\u00e1 mais calor do que na semana passada? E a humidade? E o vento? As quest\u00f5es habituais!<\/p>\n<p>Mas repito que todos parecem bem f\u00edsica e mentalmente. E para isso t\u00eam sido importantes os momentos de conv\u00edvio entre todos, quer nos treinos quer fora deles, como aconteceu no jantar conv\u00edvio realizado h\u00e1 uns dias.<\/p>\n<p>A \u00e9poca vai longa, com o slot garantido h\u00e1 j\u00e1 alguns meses: \u00c1frica do Sul (Pedro Rui Silva), Lanzarote (S\u00e9rgio Marques e Rui Narigueta), Cairns (Nuno Fernandes) e Vitoria (Carlos Cruz), e com ela os longos meses de treino, que conferem uma confian\u00e7a extra.<\/p>\n<p>Este ano temos dois estreantes, o Rui e o Nuno, que t\u00eam aproveitado cada momento do dia, tendo j\u00e1 pedalado e corrido na Queen K e na Ali&#8217;i drive, ficando com uma ideia do que os espera na prova (previs\u00e3o 30.31 graus com sensa\u00e7\u00e3o t\u00e9rmica de 35\u00ba, e humidade a aumentar at\u00e9 s\u00e1bado para atingir 75%.<\/p>\n<p>Os v\u00e1rios atletas que v\u00e3o participar neste Campeonato do Mundo partilharam as suas sensa\u00e7\u00f5es, expetativas e aspira\u00e7\u00f5es<strong>: \u00abPrimeiro ano na ilha maravilha! A adapta\u00e7\u00e3o est\u00e1 a ser boa e as sensa\u00e7\u00f5es tamb\u00e9m, fruto das muitas horas de trabalho para a prepara\u00e7\u00e3o desta pro<\/strong>va\u00bb, explica Rui Narigueta. Como objetivo da prova, o atleta diz que \u00ab<strong>\u00e9 dar o melhor, tentar n\u00e3o cometer erros e que a sorte esteja deste lado pois tamb\u00e9m \u00e9 precisa. Se tiver um desempenho similar a Lanzarote fico muito satisfeito\u00bb. <\/strong><\/p>\n<p>Quanto ao Nuno Fernandes, pela primeira vez em Kona, partilhou que esta competi\u00e7\u00e3o \u00ab<strong>supera todas as expectativas em mat\u00e9ria de ambiente pr\u00e9 prova. Quanto \u00e0 prova \u00e9 ter &#8216;respeitinho&#8217; pela dist\u00e2ncia e acima de tudo pelas condi\u00e7\u00f5es da Maratona. Vai ser um grande dia!\u00bb<\/strong><\/p>\n<p>Os tr\u00eas restantes atletas s\u00e3o repetentes, com destaque para o S\u00e9rgio Marques que compete pela 8\u00aa vez, a segunda como amador, e que tentar\u00e1 realizar mais uma boa competi\u00e7\u00e3o como tantas que j\u00e1 conseguiu no passado, e que em 2018 lhe valeu o terceiro lugar!<\/p>\n<p>Igual desejo tem certamente o Carlos Cruz que como dizia hoje: \u00ab<strong>Espero mais um ano para aprender a lidar com as dif\u00edceis condi\u00e7\u00f5es climat\u00e9ricas da ilha. S\u00f3 quero desfrutar da prova e acabar bem\u00bb.<\/strong> Partilhamos tamb\u00e9m esse desejo, conscientes do valor do Carlos, um dos melhores AG da atualidade.<\/p>\n<p>E, finalmente, o Pedro Rui Silva, um dos mais medi\u00e1ticos atletas do nosso pelot\u00e3o e que, ap\u00f3s um conjunto de azares log\u00edsticos na chegada \u00e0 ilha, j\u00e1 est\u00e1 em modo cruzeiro para um grande dia, \u00e0 imagem do que sempre ambicionou. \u00ab<strong>Dia 12 de outubro irei realizar o meu 4\u00b0 Ironman com a minha 2\u00b0 participa\u00e7\u00e3o no Hawaii. Uma prova fabulosa, num local especial com condi\u00e7\u00f5es extremas.<\/strong>\u00bb Para a competi\u00e7\u00e3o, Pedro Rui Silva estar\u00e1 na m\u00e1xima for\u00e7a: <strong>\u00abDaremos tudo e mais aquele pouco para fazermos a melhor prova poss\u00edvel, num evento com os melhores do mundo do triatlo, onde o n\u00edvel competitivo \u00e9 elevad\u00edssimo.\u00bb<\/strong><\/p>\n<p>E, numa cr\u00f3nica que j\u00e1 vai longa, ficam as palavras do Pedro, partilhadas por todos os atletas e sublinhadas por mim:<\/p>\n<p><strong>\u00abS\u00e1bado, contamos com o vosso apoio ao longo do dia. Obrigado a todos\u00bb!<\/strong><\/p>\n<p><!--more--><\/p>\n<p>Aproveitando o momento, fica ainda para leitura as cr\u00f3nicas do H\u00e9lder Milheiras em Roth, seguramente o evento mais desejado da Europa, e Vitoria-Gasteiz, naquela que foi at\u00e9 hoje a prova de Longa Dist\u00e2ncia com maior participa\u00e7\u00e3o nacional.<\/p>\n<h3><strong>Portugueses brilharam naquela que \u00e9 considerada a melhor prova de triatlo do Mundo<\/strong><\/h3>\n<p><a href=\"https:\/\/www.federacao-triatlo.pt\/ftp2015\/wp-content\/uploads\/2019\/10\/Roth_o.jpg\"><img decoding=\"async\" class=\"alignnone wp-image-55323 \" src=\"https:\/\/www.federacao-triatlo.pt\/ftp2015\/wp-content\/uploads\/2019\/10\/Roth_o.jpg\" alt=\"\" width=\"789\" height=\"525\" srcset=\"https:\/\/www.federacao-triatlo.pt\/ftp2015\/wp-content\/uploads\/2019\/10\/Roth_o-200x133.jpg 200w, https:\/\/www.federacao-triatlo.pt\/ftp2015\/wp-content\/uploads\/2019\/10\/Roth_o-300x199.jpg 300w, https:\/\/www.federacao-triatlo.pt\/ftp2015\/wp-content\/uploads\/2019\/10\/Roth_o-400x266.jpg 400w, https:\/\/www.federacao-triatlo.pt\/ftp2015\/wp-content\/uploads\/2019\/10\/Roth_o-500x332.jpg 500w, https:\/\/www.federacao-triatlo.pt\/ftp2015\/wp-content\/uploads\/2019\/10\/Roth_o-600x399.jpg 600w, https:\/\/www.federacao-triatlo.pt\/ftp2015\/wp-content\/uploads\/2019\/10\/Roth_o-768x510.jpg 768w, https:\/\/www.federacao-triatlo.pt\/ftp2015\/wp-content\/uploads\/2019\/10\/Roth_o-800x532.jpg 800w, https:\/\/www.federacao-triatlo.pt\/ftp2015\/wp-content\/uploads\/2019\/10\/Roth_o.jpg 1008w\" sizes=\"(max-width: 789px) 100vw, 789px\" \/><\/a><\/p>\n<p>Foram muitas as provas de longa dist\u00e2ncia que contaram com a participa\u00e7\u00e3o dos nossos triatletas nacionais, entre elas a 36\u00aa edi\u00e7\u00e3o do consagrado Datev Challenge Roth que se realizou no dia 7 de julho de 2019.<\/p>\n<p>Participaram em Roth mais de meia centena de triatletas, naquela que foi, at\u00e9 hoje, a maior comitiva portuguesa de sempre numa prova de longa dist\u00e2ncia fora do pa\u00eds, e s\u00f3 batida no IM Vit\u00f3ria-Gasteiz. Destaque para a participa\u00e7\u00e3o feminina portuguesa na prova, com a nossa \u00fanica atleta profissional na dist\u00e2ncia, Vanessa Pereira, e ainda com tr\u00eas outras atletas &#8220;Age Groups&#8221;, Sara S\u00e1, Ana Leal, Teresa Sep\u00falveda.<\/p>\n<p>Em termos de resultados desportivos, realce em primeiro lugar para a elevada percentagem de <em>finishers<\/em>, apenas com uma \u00fanica desist\u00eancia por motivos de sa\u00fade.<\/p>\n<p>No setor profissional, Vanessa Pereira conquistou um excelente 12\u00ba lugar com uma \u00f3tima marca de 9h37, ap\u00f3s mais uma prova muito s\u00f3lida nos tr\u00eas segmentos, deixando assim excelentes indica\u00e7\u00f5es para o futuro.<\/p>\n<p>Igualmente ao mais alto n\u00edvel, no lado masculino, estiveram os nossos Age Groups, com os irm\u00e3os M\u00e1rcio Neves (35-39) e Valdo Neves (40-44) a conseguirem baixar a desejada e m\u00edtica marca das 9h00, respetivamente com 8h42 e 8h53, conquistando ambos o 2\u00ba lugar no seu AG e levando bem alto a bandeira nacional.<\/p>\n<p>Destaque ainda para os excelentes tempos finais no AG 35-39 para os atletas Filipe Marques (9h12) e Duarte Pais (9h17), e ainda para a fant\u00e1stica estreia do atleta Jos\u00e9 Galv\u00e3o no AG 50-54 com um tempo de 9h38 (6\u00b0AG).<\/p>\n<p>Em termos globais, os atletas portugueses cruzaram a meta com um tempo m\u00e9dio de 11h00, o que expressa bem a qualidade das presta\u00e7\u00f5es com 41 atletas abaixo das 12 horas.<\/p>\n<p>O dia terminou com um agregado de dois atletas abaixo das 9h, quatro abaixo das 9h30, 13 atletas abaixo das 10h, 28 abaixo das 11h.<\/p>\n<p>Uma palavra especial para a estreia na dist\u00e2ncia do atleta Nuno Ryder (45-49), um dos AG mais acarinhados do nosso pelot\u00e3o. O Nuno concluiu o seu desafio em 13h44, e ao longo do dia inspirou e motivou todos aqueles que com ele se cruzaram, sempre com um sorriso e uma palavra de incentivo. Por tudo isso, pelo seu esfor\u00e7o e pela sua coragem, parab\u00e9ns Nuno!<\/p>\n<p>Todos estamos conscientes que estes resultados refletem o muito trabalho que tem sido realizado por clubes, treinadores e dirigentes, com reflexo no natural crescimento do n\u00famero de atletas licenciados e praticantes de Triatlo de Longa Dist\u00e2ncia.<\/p>\n<p>A Federa\u00e7\u00e3o de Triatlo de Portugal reconhece e enaltece este trabalho, tendo-se associado a esta comitiva nacional e disponibilizando, nesse sentido, servi\u00e7os e meios, criando tamb\u00e9m condi\u00e7\u00f5es log\u00edsticas ao n\u00edvel do transporte de bicicletas e equipamento. O objetivo passou por proporcionar condi\u00e7\u00f5es favor\u00e1veis aos atletas, minimizando o impacto na sua fase final de prepara\u00e7\u00e3o para a prova.<\/p>\n<p>Muitos parab\u00e9ns a todos!<\/p>\n<p>_______________<\/p>\n<h3><strong>Invas\u00e3o tri tuga ao pa\u00eds Basco.\u00a0 IRONMAN com a maior participa\u00e7\u00e3o portuguesa de sempre!<br \/>\n<a href=\"https:\/\/www.federacao-triatlo.pt\/ftp2015\/wp-content\/uploads\/2019\/10\/Vitoria_n.jpg\"><img decoding=\"async\" class=\"alignnone wp-image-55321 \" src=\"https:\/\/www.federacao-triatlo.pt\/ftp2015\/wp-content\/uploads\/2019\/10\/Vitoria_n-1024x768.jpg\" alt=\"\" width=\"720\" height=\"540\" srcset=\"https:\/\/www.federacao-triatlo.pt\/ftp2015\/wp-content\/uploads\/2019\/10\/Vitoria_n-200x150.jpg 200w, https:\/\/www.federacao-triatlo.pt\/ftp2015\/wp-content\/uploads\/2019\/10\/Vitoria_n-300x225.jpg 300w, https:\/\/www.federacao-triatlo.pt\/ftp2015\/wp-content\/uploads\/2019\/10\/Vitoria_n-400x300.jpg 400w, https:\/\/www.federacao-triatlo.pt\/ftp2015\/wp-content\/uploads\/2019\/10\/Vitoria_n-500x375.jpg 500w, https:\/\/www.federacao-triatlo.pt\/ftp2015\/wp-content\/uploads\/2019\/10\/Vitoria_n-600x450.jpg 600w, https:\/\/www.federacao-triatlo.pt\/ftp2015\/wp-content\/uploads\/2019\/10\/Vitoria_n-768x576.jpg 768w, https:\/\/www.federacao-triatlo.pt\/ftp2015\/wp-content\/uploads\/2019\/10\/Vitoria_n-800x600.jpg 800w, https:\/\/www.federacao-triatlo.pt\/ftp2015\/wp-content\/uploads\/2019\/10\/Vitoria_n-1024x768.jpg 1024w, https:\/\/www.federacao-triatlo.pt\/ftp2015\/wp-content\/uploads\/2019\/10\/Vitoria_n-1200x900.jpg 1200w, https:\/\/www.federacao-triatlo.pt\/ftp2015\/wp-content\/uploads\/2019\/10\/Vitoria_n.jpg 1728w\" sizes=\"(max-width: 720px) 100vw, 720px\" \/><\/a><br \/>\n<\/strong><\/h3>\n<p>Realizou-se no passado dia 14 de julho a primeira edi\u00e7\u00e3o do IRONMAN Vitoria-Gasteiz, uma prova com um longo historial, mas que apenas em 2019 passou a fazer parte do circuito internacional de IRONMAN, oferecendo 40 slots para o desejado Campeonato do Mundo de IRONMAN, em Kona, Hawaii, que se disputa j\u00e1 no pr\u00f3ximo dia 12 de outubro.<\/p>\n<p>Esta novidade, aliada \u00e0 facilidade log\u00edstica dos triatletas nacionais na desloca\u00e7\u00e3o ao Pa\u00eds Basco, e as caracter\u00edsticas \u201cacess\u00edveis\u201d dos percursos, provocou uma verdadeira invas\u00e3o <em>tuga<\/em>. Se na semana anterior, tivemos no consagrado Challenge Roth um recorde com meia centena de triatletas portugueses, esse n\u00famero foi largamente superado, com mais de 80 triatletas em prova, demonstrando que, com um pouco mais de apoio log\u00edstico e de divulga\u00e7\u00e3o, \u00e9 poss\u00edvel em 2020 superar os 100 atletas nesta espetacular competi\u00e7\u00e3o do circuito mundial.<\/p>\n<p>Entre os mais de 80 triatletas que representaram Portugal, a comitiva contou com tr\u00eas atletas femininas, sendo os restantes atletas do escal\u00e3o masculino distribu\u00eddos pelos diversos AG, desde o AG25-29 at\u00e9 ao AG65-69, o que demonstra que a paix\u00e3o pela Longa Dist\u00e2ncia n\u00e3o tem idade.<\/p>\n<p>Em termos de resultados desportivos, de entre os 79 finishers, destaque naturalmente para os desempenhos de alguns dos nossos melhores AG nacionais, como \u00e9 o caso do triatleta Carlos Cruz, que efetuou uma prova brilhante, conseguindo o 2\u00ba lugar no AG45-49 com 9h05m, e garantindo o ambicionado slot para o Mundial, onde se juntar\u00e1 aos restantes quatro portugueses j\u00e1 apurados e a quem, desde j\u00e1, desejamos toda a sorte e que consiga atingir os seus objetivos. Parab\u00e9ns!<\/p>\n<p>Destaque ainda para o p\u00f3dio do nosso atleta menos novo, Francisco Farrajota, que alcan\u00e7ou com 13h23m um p\u00f3dio com um 3\u00ba lugar no AG 65.69, demonstrando aos mais jovens que n\u00e3o h\u00e1 imposs\u00edveis. Parab\u00e9ns Francisco!<\/p>\n<p>Realce igualmente para o top5 alcan\u00e7ado pelo Paulo Margarido no AG50-54, com 9h35m, que apesar da excelente prova ficou a um lugar de regressar ao Hawaii, onde j\u00e1 representou as cores nacionais. Parab\u00e9ns Paulo.<\/p>\n<p>Uma palavra de reconhecimento e de felicita\u00e7\u00e3o especial para as nossas tr\u00eas atletas femininas, todas elas <em>finishers<\/em> (Marta Andrade 12h06 e Sofia Lopes 14h05, no AG40-44, e Emma Yates 12h44 AG45-49). Parab\u00e9ns!<\/p>\n<p>E, como n\u00e3o podia deixar de ser, os parab\u00e9ns s\u00e3o extens\u00edveis a todos os restantes atletas, masculinos e femininos, que t\u00e3o bem representaram Portugal, facto que a Federa\u00e7\u00e3o de Triatlo de Portugal reconhece e agradece. Esperamos por todos brevemente numa outra prova de longa dist\u00e2ncia por esse mundo fora. E c\u00e1 estaremos para relatar os vossos feitos!<\/p>\n<p>Uma \u00faltima palavra, de incentivo, aos atletas que por motivos diversos n\u00e3o puderam concluir as suas provas, e aos quais desejamos uma r\u00e1pida recupera\u00e7\u00e3o e o desejo de terem regressado o mais brevemente poss\u00edvel \u00e0s habituais rotinas de treino.<\/p>\n<p>Todos estamos conscientes que estes resultados s\u00f3 foram e s\u00e3o poss\u00edveis fruto do muito trabalho que tem sido realizado por clubes, treinadores e dirigentes, com reflexo no natural crescimento do n\u00famero de atletas licenciados e praticantes de Triatlo de Longa Dist\u00e2ncia.<\/p>\n<p>A Federa\u00e7\u00e3o de Triatlo de Portugal reconhece e enaltece esse trabalho e, nesse sentido, procurar\u00e1 j\u00e1 na edi\u00e7\u00e3o de 2020 disponibilizar os seus servi\u00e7os e meios para que seja poss\u00edvel aumentar a comitiva, e para que estejam reunidas condi\u00e7\u00f5es log\u00edsticas favor\u00e1veis aos atletas, minimizando o impacto na sua fase final de prepara\u00e7\u00e3o para a prova, \u00e0 semelhan\u00e7a do que j\u00e1 efetuou com sucesso noutras provas.<\/p>\n<p>Queremos e contamos continuar a apoiar a Longa Distancia naquilo que for poss\u00edvel, com destaque para apoiar os nossos Age Groups.<\/p>\n<p><strong>Temos os melhores Triatletas e Age Groups do mundo! A todos, muitos parab\u00e9ns.\u00a0<\/strong><\/p>\n","protected":false},"excerpt":{"rendered":"<p>Este fim de semana realiza-se a mais ic\u00f3nica prova de [&hellip;]<\/p>\n","protected":false},"author":8439,"featured_media":55319,"comment_status":"closed","ping_status":"closed","sticky":false,"template":"","format":"standard","meta":{"footnotes":""},"categories":[335,2],"tags":[],"_links":{"self":[{"href":"https:\/\/www.federacao-triatlo.pt\/ftp2015\/wp-json\/wp\/v2\/posts\/55314"}],"collection":[{"href":"https:\/\/www.federacao-triatlo.pt\/ftp2015\/wp-json\/wp\/v2\/posts"}],"about":[{"href":"https:\/\/www.federacao-triatlo.pt\/ftp2015\/wp-json\/wp\/v2\/types\/post"}],"author":[{"embeddable":true,"href":"https:\/\/www.federacao-triatlo.pt\/ftp2015\/wp-json\/wp\/v2\/users\/8439"}],"replies":[{"embeddable":true,"href":"https:\/\/www.federacao-triatlo.pt\/ftp2015\/wp-json\/wp\/v2\/comments?post=55314"}],"version-history":[{"count":0,"href":"https:\/\/www.federacao-triatlo.pt\/ftp2015\/wp-json\/wp\/v2\/posts\/55314\/revisions"}],"wp:featuredmedia":[{"embeddable":true,"href":"https:\/\/www.federacao-triatlo.pt\/ftp2015\/wp-json\/wp\/v2\/media\/55319"}],"wp:attachment":[{"href":"https:\/\/www.federacao-triatlo.pt\/ftp2015\/wp-json\/wp\/v2\/media?parent=55314"}],"wp:term":[{"taxonomy":"category","embeddable":true,"href":"https:\/\/www.federacao-triatlo.pt\/ftp2015\/wp-json\/wp\/v2\/categories?post=55314"},{"taxonomy":"post_tag","embeddable":true,"href":"https:\/\/www.federacao-triatlo.pt\/ftp2015\/wp-json\/wp\/v2\/tags?post=55314"}],"curies":[{"name":"wp","href":"https:\/\/api.w.org\/{rel}","templated":true}]}}