{"id":54386,"date":"2019-09-10T16:48:00","date_gmt":"2019-09-10T16:48:00","guid":{"rendered":"https:\/\/www.federacao-triatlo.pt\/ftp2015\/?p=54386"},"modified":"2020-01-08T16:13:27","modified_gmt":"2020-01-08T16:13:27","slug":"campeonato-europeu-de-clubes-de-triatlo-estafetas-mistas-2019","status":"publish","type":"post","link":"https:\/\/www.federacao-triatlo.pt\/ftp2015\/campeonato-europeu-de-clubes-de-triatlo-estafetas-mistas-2019\/","title":{"rendered":"Campeonato Europeu de Clubes de Triatlo Estafetas Mistas 2019"},"content":{"rendered":"<p><strong>Alhandra recebe o Campeonato Europeu de Clubes de Triatlo por estafetas mistas no dia 5 de outubro.<\/strong><br \/>\n<!--more-->No dia 5 de outubro ir\u00e1 realizar-se em Alhandra, concelho de Vila Franca de Xira, o Campeonato Europeu de Clubes de Triatlo na categoria elite e j\u00fanior, provas realizadas no din\u00e2mico formato de Estafetas Mistas. Cada equipa composta por quatro atletas, duas femininas e dois masculinos, ter\u00e1 que cumprir no total a dist\u00e2ncia de quatro triatlos super sprint sem paragens de cron\u00f3metro. Este evento recebe tamb\u00e9m pela primeira vez o Campeonato Europeu de Grupos de Idade por Estafetas Mistas e a quarta e \u00faltima etapa do Campeonato Nacional de Clubes (estafetas constitu\u00eddas por atletas do mesmo g\u00e9nero).<\/p>\n<p>O segmento da nata\u00e7\u00e3o \u00e9 realizado no rio Tejo, o ciclismo percorre o tro\u00e7o da Estrada Nacional 10 entre Alhandra e o Sobralinho e a corrida percorre o Passeio Ribeirinho entre Alhandra e Vila Franca.<\/p>\n<p>Os clubes da elite nacional que este ano ir\u00e3o disputar a competi\u00e7\u00e3o europeia ser\u00e3o o Sport Lisboa e Benfica, o Portugal Talentus e o Clube de Nata\u00e7\u00e3o Torres Novas. Na categoria j\u00fanior contamos com o Alhandra Sporting Club, o Sport Lisboa e Benfica e o Sporting Clube de Portugal.<\/p>\n<p><a href=\"https:\/\/www.federacao-triatlo.pt\/ftp2015\/wp-content\/uploads\/2019\/09\/PodioRelay_elites_o.jpg\"><img decoding=\"async\" class=\"alignnone wp-image-54388 \" src=\"https:\/\/www.federacao-triatlo.pt\/ftp2015\/wp-content\/uploads\/2019\/09\/PodioRelay_elites_o-1024x684.jpg\" alt=\"\" width=\"828\" height=\"554\" srcset=\"https:\/\/www.federacao-triatlo.pt\/ftp2015\/wp-content\/uploads\/2019\/09\/PodioRelay_elites_o-200x133.jpg 200w, https:\/\/www.federacao-triatlo.pt\/ftp2015\/wp-content\/uploads\/2019\/09\/PodioRelay_elites_o-300x200.jpg 300w, https:\/\/www.federacao-triatlo.pt\/ftp2015\/wp-content\/uploads\/2019\/09\/PodioRelay_elites_o-400x267.jpg 400w, https:\/\/www.federacao-triatlo.pt\/ftp2015\/wp-content\/uploads\/2019\/09\/PodioRelay_elites_o-500x334.jpg 500w, https:\/\/www.federacao-triatlo.pt\/ftp2015\/wp-content\/uploads\/2019\/09\/PodioRelay_elites_o-600x400.jpg 600w, https:\/\/www.federacao-triatlo.pt\/ftp2015\/wp-content\/uploads\/2019\/09\/PodioRelay_elites_o-768x513.jpg 768w, https:\/\/www.federacao-triatlo.pt\/ftp2015\/wp-content\/uploads\/2019\/09\/PodioRelay_elites_o-800x534.jpg 800w, https:\/\/www.federacao-triatlo.pt\/ftp2015\/wp-content\/uploads\/2019\/09\/PodioRelay_elites_o-1024x684.jpg 1024w, https:\/\/www.federacao-triatlo.pt\/ftp2015\/wp-content\/uploads\/2019\/09\/PodioRelay_elites_o-1200x801.jpg 1200w\" sizes=\"(max-width: 828px) 100vw, 828px\" \/><\/a><\/p>\n<p>Em 2018, dos 18 clubes presentes de 12 nacionalidades, foi o Sport Lisboa e Benfica (campe\u00e3o europeu em 2017) o clube nacional mais forte em prova, alcan\u00e7ando a medalha de bronze com o tempo total de 01:23:43. O Benfica participou com uma equipa composta pela atual campe\u00e3 do mundo, a americana Katie Zaferes, Jo\u00e3o Silva, Vera Vila\u00e7a e Jo\u00e3o Pereira.<\/p>\n<p>No ano passado os dois primeiros lugares pertenceram a Fran\u00e7a, com a equipa Poissy Triathlon que subiu ao mais alto lugar do p\u00f3dio com o tempo de 01:23:09, seguida da equipa Metz Triathlon, que terminou com a marca de 01:23:35.<\/p>\n<p>Al\u00e9m do Benfica, estiveram em prova os clubes nacionais OutSystems Ol\u00edmpico de Oeiras com a equipa composta por Lucia Sevillano, Miguel Tiago Silva, Andreia Ferrum e Tiago Fonseca, que ficaram em 8\u00ba lugar com o tempo de 01:25:37. O Alhandra Sporting Club, que alcan\u00e7ou a 12\u00aa posi\u00e7\u00e3o com o tempo de 01:27:15, participou com Melina Arandas, Miguel Fortunato, Madalena Almeida e Diogo Gon\u00e7alves.<\/p>\n<p><a href=\"https:\/\/www.federacao-triatlo.pt\/ftp2015\/wp-content\/uploads\/2019\/09\/PodioEstafeta_junior_o.jpg\"><img decoding=\"async\" class=\"alignnone wp-image-54389 \" src=\"https:\/\/www.federacao-triatlo.pt\/ftp2015\/wp-content\/uploads\/2019\/09\/PodioEstafeta_junior_o-1024x684.jpg\" alt=\"\" width=\"827\" height=\"553\" srcset=\"https:\/\/www.federacao-triatlo.pt\/ftp2015\/wp-content\/uploads\/2019\/09\/PodioEstafeta_junior_o-200x133.jpg 200w, https:\/\/www.federacao-triatlo.pt\/ftp2015\/wp-content\/uploads\/2019\/09\/PodioEstafeta_junior_o-300x200.jpg 300w, https:\/\/www.federacao-triatlo.pt\/ftp2015\/wp-content\/uploads\/2019\/09\/PodioEstafeta_junior_o-400x267.jpg 400w, https:\/\/www.federacao-triatlo.pt\/ftp2015\/wp-content\/uploads\/2019\/09\/PodioEstafeta_junior_o-500x334.jpg 500w, https:\/\/www.federacao-triatlo.pt\/ftp2015\/wp-content\/uploads\/2019\/09\/PodioEstafeta_junior_o-600x400.jpg 600w, https:\/\/www.federacao-triatlo.pt\/ftp2015\/wp-content\/uploads\/2019\/09\/PodioEstafeta_junior_o-768x513.jpg 768w, https:\/\/www.federacao-triatlo.pt\/ftp2015\/wp-content\/uploads\/2019\/09\/PodioEstafeta_junior_o-800x534.jpg 800w, https:\/\/www.federacao-triatlo.pt\/ftp2015\/wp-content\/uploads\/2019\/09\/PodioEstafeta_junior_o-1024x684.jpg 1024w, https:\/\/www.federacao-triatlo.pt\/ftp2015\/wp-content\/uploads\/2019\/09\/PodioEstafeta_junior_o-1200x801.jpg 1200w\" sizes=\"(max-width: 827px) 100vw, 827px\" \/><\/a><\/p>\n<p>Na categoria j\u00fanior, o Alhandra Sporting Club conquistou a medalha de bronze com o tempo de 01:30:11 com Gabriela Ribeiro, Jo\u00e3o Queiroz, Joana Oliveira e Andr\u00e9 B\u00f4to. O Clube de Nata\u00e7\u00e3o Torres Novas, que ficou no quinto lugar com 01:31:50, participou com Joana Miranda, Ricardo Batista, Margarida Raz\u00f5es Silva e Jos\u00e9 Pedro Vieira.<\/p>\n<p>&nbsp;<\/p>\n<blockquote>\n<h3><strong>5 de outubro 2019, Alhandra<\/strong><\/h3>\n<h2><strong>Campeonato Europeu<br \/>\n<\/strong><\/h2>\n<p>9h30 Campeonato Europeu Clubes Estafetas Mistas (elite)<\/p>\n<p>9h35 Campeonato Europeu Clubes Estafetas Mistas\u00a0 (juniores)<\/p><\/blockquote>\n<h3><\/h3>\n<blockquote>\n<h2><strong>Campeonato Nacional (\u00faltima etapa)<br \/>\n<\/strong><\/h2>\n<p>16h45 Campeonato Nacional de Clubes por Estafetas<\/p><\/blockquote>\n<p>&nbsp;<\/p>\n<p>For\u00e7a para todos os atletas e clubes!<\/p>\n<h3>Veja a start list <a href=\"https:\/\/www.triathlon.org\/events\/start_list\/2019_lisbon_etu_triathlon_mixed_relay_clubs_european_championships\/348833\">aqui<\/a><\/h3>\n","protected":false},"excerpt":{"rendered":"<p>Alhandra recebe o Campeonato Europeu de Clubes de Triatlo por [&hellip;]<\/p>\n","protected":false},"author":8439,"featured_media":54387,"comment_status":"closed","ping_status":"closed","sticky":false,"template":"","format":"standard","meta":{"footnotes":""},"categories":[2],"tags":[],"_links":{"self":[{"href":"https:\/\/www.federacao-triatlo.pt\/ftp2015\/wp-json\/wp\/v2\/posts\/54386"}],"collection":[{"href":"https:\/\/www.federacao-triatlo.pt\/ftp2015\/wp-json\/wp\/v2\/posts"}],"about":[{"href":"https:\/\/www.federacao-triatlo.pt\/ftp2015\/wp-json\/wp\/v2\/types\/post"}],"author":[{"embeddable":true,"href":"https:\/\/www.federacao-triatlo.pt\/ftp2015\/wp-json\/wp\/v2\/users\/8439"}],"replies":[{"embeddable":true,"href":"https:\/\/www.federacao-triatlo.pt\/ftp2015\/wp-json\/wp\/v2\/comments?post=54386"}],"version-history":[{"count":0,"href":"https:\/\/www.federacao-triatlo.pt\/ftp2015\/wp-json\/wp\/v2\/posts\/54386\/revisions"}],"wp:featuredmedia":[{"embeddable":true,"href":"https:\/\/www.federacao-triatlo.pt\/ftp2015\/wp-json\/wp\/v2\/media\/54387"}],"wp:attachment":[{"href":"https:\/\/www.federacao-triatlo.pt\/ftp2015\/wp-json\/wp\/v2\/media?parent=54386"}],"wp:term":[{"taxonomy":"category","embeddable":true,"href":"https:\/\/www.federacao-triatlo.pt\/ftp2015\/wp-json\/wp\/v2\/categories?post=54386"},{"taxonomy":"post_tag","embeddable":true,"href":"https:\/\/www.federacao-triatlo.pt\/ftp2015\/wp-json\/wp\/v2\/tags?post=54386"}],"curies":[{"name":"wp","href":"https:\/\/api.w.org\/{rel}","templated":true}]}}