{"id":54231,"date":"2019-09-05T12:09:00","date_gmt":"2019-09-05T12:09:00","guid":{"rendered":"https:\/\/www.federacao-triatlo.pt\/ftp2015\/?p=54231"},"modified":"2019-09-05T12:09:00","modified_gmt":"2019-09-05T12:09:00","slug":"no-dia-12-de-outubro-realiza-se-a-acao-de-formacao-em-escolas-de-triatlo-que-conta-com-o-formador-artur-parreira-da-ftp","status":"publish","type":"post","link":"https:\/\/www.federacao-triatlo.pt\/ftp2015\/no-dia-12-de-outubro-realiza-se-a-acao-de-formacao-em-escolas-de-triatlo-que-conta-com-o-formador-artur-parreira-da-ftp\/","title":{"rendered":"Forma\u00e7\u00e3o \u2018Escola de Triatlo \u2013 Cria\u00e7\u00e3o e Desenvolvimento\u2019"},"content":{"rendered":"<p><strong>A forma\u00e7\u00e3o destinada a treinadores de Triatlo decorre em Penafiel no dia 12 de outubro.<\/strong><br \/>\n<!--more-->No dia 12 de outubro ir\u00e1 realizar-se em Penafiel uma A\u00e7\u00e3o de Forma\u00e7\u00e3o Cont\u00ednua destinada a Treinadores de Triatlo. Esta forma\u00e7\u00e3o pretende disponibilizar compet\u00eancias aos profissionais da modalidade para criarem escolas de triatlo, tendo como objetivo potenciar o desenvolvimento do triatlo no norte do pa\u00eds, uma zona em que a modalidade se encontra em crescimento.<br \/>\nA forma\u00e7\u00e3o, em parceria com a C\u00e2mara Municipal de Penafiel, ficar\u00e1 a cargo de Artur Parreira, respons\u00e1vel pela \u00c1rea Juvenil e Competi\u00e7\u00f5es da Federa\u00e7\u00e3o de Triatlo de Portugal.<\/p>\n<p>Esta a\u00e7\u00e3o de forma\u00e7\u00e3o atribui 0,8 UC para a componente espec\u00edfica da c\u00e9dula de treinador de Triatlo e ter\u00e1 um valor de inscri\u00e7\u00e3o de 5\u20ac.<\/p>\n<h3><strong>Programa<\/strong><\/h3>\n<p>10h\u2013In\u00edcio<br \/>\n&#8211; Cria\u00e7\u00e3o e plano de desenvolvimento de uma Escola de Triatlo;<br \/>\n&#8211; Apoios, parcerias e enquadramento federativo e institucional;<br \/>\n&#8211; Estrat\u00e9gias did\u00e1ticas, atividades, eventos, participa\u00e7\u00f5es em competi\u00e7\u00f5es numa escola de Triatlo;<br \/>\n&#8211; Exemplos e casos de sucesso numa Escola de Triatlo.<br \/>\n13h \u2013 Encerramento.<\/p>\n<p><strong>Raz\u00f5es\/pertin\u00eancia da a\u00e7\u00e3o:<\/strong><\/p>\n<p>&#8211; Transmitir aos treinadores de Triatlo compet\u00eancias que lhes permitam criar e desenvolver um projeto de Escola de Triatlo;<\/p>\n<p>&#8211; Potenciar o desenvolvimento e cria\u00e7\u00e3o de novas Escolas de Triatlo, acompanhando o desenvolvimento da modalidade a Norte.<\/p>\n<p>&nbsp;<\/p>\n<h3>Fa\u00e7a a sua inscri\u00e7\u00e3o <a href=\"https:\/\/forms.gle\/Q8p2mQKQSxmMnSy58\">aqui<\/a><\/h3>\n<p>&nbsp;<\/p>\n","protected":false},"excerpt":{"rendered":"<p>A forma\u00e7\u00e3o destinada a treinadores de Triatlo decorre em Penafiel [&hellip;]<\/p>\n","protected":false},"author":8439,"featured_media":54232,"comment_status":"closed","ping_status":"closed","sticky":false,"template":"","format":"standard","meta":{"footnotes":""},"categories":[7,2],"tags":[],"_links":{"self":[{"href":"https:\/\/www.federacao-triatlo.pt\/ftp2015\/wp-json\/wp\/v2\/posts\/54231"}],"collection":[{"href":"https:\/\/www.federacao-triatlo.pt\/ftp2015\/wp-json\/wp\/v2\/posts"}],"about":[{"href":"https:\/\/www.federacao-triatlo.pt\/ftp2015\/wp-json\/wp\/v2\/types\/post"}],"author":[{"embeddable":true,"href":"https:\/\/www.federacao-triatlo.pt\/ftp2015\/wp-json\/wp\/v2\/users\/8439"}],"replies":[{"embeddable":true,"href":"https:\/\/www.federacao-triatlo.pt\/ftp2015\/wp-json\/wp\/v2\/comments?post=54231"}],"version-history":[{"count":0,"href":"https:\/\/www.federacao-triatlo.pt\/ftp2015\/wp-json\/wp\/v2\/posts\/54231\/revisions"}],"wp:featuredmedia":[{"embeddable":true,"href":"https:\/\/www.federacao-triatlo.pt\/ftp2015\/wp-json\/wp\/v2\/media\/54232"}],"wp:attachment":[{"href":"https:\/\/www.federacao-triatlo.pt\/ftp2015\/wp-json\/wp\/v2\/media?parent=54231"}],"wp:term":[{"taxonomy":"category","embeddable":true,"href":"https:\/\/www.federacao-triatlo.pt\/ftp2015\/wp-json\/wp\/v2\/categories?post=54231"},{"taxonomy":"post_tag","embeddable":true,"href":"https:\/\/www.federacao-triatlo.pt\/ftp2015\/wp-json\/wp\/v2\/tags?post=54231"}],"curies":[{"name":"wp","href":"https:\/\/api.w.org\/{rel}","templated":true}]}}