{"id":54146,"date":"2019-09-02T16:44:09","date_gmt":"2019-09-02T16:44:09","guid":{"rendered":"https:\/\/www.federacao-triatlo.pt\/ftp2015\/?p=54146"},"modified":"2019-09-10T11:54:42","modified_gmt":"2019-09-10T11:54:42","slug":"xiv-curso-de-treinadores-de-triatlo-grau-i","status":"publish","type":"post","link":"https:\/\/www.federacao-triatlo.pt\/ftp2015\/xiv-curso-de-treinadores-de-triatlo-grau-i\/","title":{"rendered":"XIV Curso de Treinadores de Triatlo Grau I"},"content":{"rendered":"<p><strong>Decorre em novembro e dezembro um Curso de Treinadores Grau I com forma\u00e7\u00e3o geral e especifica. ESGOTADO.\u00a0<\/strong><br \/>\n<!--more-->Com o aumento de pessoas que procuram praticar triatlo, vindas ou n\u00e3o de outros desportos, existe necessidade de aumentar o n\u00famero de treinadores para jovens ou iniciados na modalidade. Um treinador pode contribuir para o aumento da performance do atleta, mas, tamb\u00e9m, disponibiliza conhecimentos que podem evitar les\u00f5es e tamb\u00e9m treinar melhor e com maior seguran\u00e7a.<\/p>\n<p>Nos dias 15, 16, 17, 29 e 30 de novembro e 1 de dezembro ir\u00e1 realizar-se uma forma\u00e7\u00e3o que integra como habitualmente uma componente espec\u00edfica de 40 horas presenciais, al\u00e9m das 40h online.<\/p>\n<p>Este terceiro curso de treinadores de grau I, dinamizado pela FTP, em 2019 tem como objetivo a forma\u00e7\u00e3o de profissionais que pretendam trabalhar na \u00e1rea do triato, com \u00a0triatletas jovens ou que estejam a iniciar a modalidade.<\/p>\n<p>Aten\u00e7\u00e3o candidatos dos distritos de Coimbra, Leira, Santar\u00e9m e Portalegre: estes formandos pagar\u00e3o metade do valor da inscri\u00e7\u00e3o, j\u00e1 que uma parte do curso implica despesas de desloca\u00e7\u00e3o.<\/p>\n<h3>O curso de Treinador de Triatlo Grau I divide-se em 3 componentes<\/h3>\n<blockquote><p><strong>Geral<\/strong> &#8211; 40h, online, com a nossa parceira de forma\u00e7\u00e3o Gnosies;<\/p>\n<p><strong>Espec\u00edfica<\/strong> &#8211; 40h presenciais nos dias 15\/11 e 29\/11 das 18h30 \u00e0s 22h e 16,17,30\/11 e 1\/12\u00a0 das 9h \u00e0s 18h. Se o formando ultrapassar o limite de 10% de faltas na componente espec\u00edfica (presencial) ser\u00e1 exclu\u00eddo do curso.<\/p>\n<p><strong>Est\u00e1gio<\/strong> &#8211; 550h, aproximadamente uma \u00e9poca desportiva, em que se pretende que os treinadores trabalhem no terreno, em treino e acompanhamento a competi\u00e7\u00f5es.<\/p>\n<p>A componente espec\u00edfica, que inclui atividades te\u00f3ricas e pr\u00e1ticas, decorrer\u00e1 no Complexo Desportivo Nacional do Jamor.<\/p><\/blockquote>\n<p>Limite de vagas: 25 formandos<\/p>\n<h3>Inscri\u00e7\u00f5es <a href=\"https:\/\/forms.gle\/2xUbgVge5vBe8rqP8\">aqui\u00a0<\/a><\/h3>\n<p>&nbsp;<\/p>\n","protected":false},"excerpt":{"rendered":"<p>Decorre em novembro e dezembro um Curso de Treinadores Grau [&hellip;]<\/p>\n","protected":false},"author":8439,"featured_media":54153,"comment_status":"closed","ping_status":"closed","sticky":false,"template":"","format":"standard","meta":{"footnotes":""},"categories":[7,2],"tags":[],"_links":{"self":[{"href":"https:\/\/www.federacao-triatlo.pt\/ftp2015\/wp-json\/wp\/v2\/posts\/54146"}],"collection":[{"href":"https:\/\/www.federacao-triatlo.pt\/ftp2015\/wp-json\/wp\/v2\/posts"}],"about":[{"href":"https:\/\/www.federacao-triatlo.pt\/ftp2015\/wp-json\/wp\/v2\/types\/post"}],"author":[{"embeddable":true,"href":"https:\/\/www.federacao-triatlo.pt\/ftp2015\/wp-json\/wp\/v2\/users\/8439"}],"replies":[{"embeddable":true,"href":"https:\/\/www.federacao-triatlo.pt\/ftp2015\/wp-json\/wp\/v2\/comments?post=54146"}],"version-history":[{"count":0,"href":"https:\/\/www.federacao-triatlo.pt\/ftp2015\/wp-json\/wp\/v2\/posts\/54146\/revisions"}],"wp:featuredmedia":[{"embeddable":true,"href":"https:\/\/www.federacao-triatlo.pt\/ftp2015\/wp-json\/wp\/v2\/media\/54153"}],"wp:attachment":[{"href":"https:\/\/www.federacao-triatlo.pt\/ftp2015\/wp-json\/wp\/v2\/media?parent=54146"}],"wp:term":[{"taxonomy":"category","embeddable":true,"href":"https:\/\/www.federacao-triatlo.pt\/ftp2015\/wp-json\/wp\/v2\/categories?post=54146"},{"taxonomy":"post_tag","embeddable":true,"href":"https:\/\/www.federacao-triatlo.pt\/ftp2015\/wp-json\/wp\/v2\/tags?post=54146"}],"curies":[{"name":"wp","href":"https:\/\/api.w.org\/{rel}","templated":true}]}}