{"id":53342,"date":"2019-08-01T11:17:35","date_gmt":"2019-08-01T11:17:35","guid":{"rendered":"https:\/\/www.federacao-triatlo.pt\/ftp2015\/?p=53342"},"modified":"2019-08-01T11:20:08","modified_gmt":"2019-08-01T11:20:08","slug":"curso-inicial-de-arbitros-de-triatlo-realiza-se-a-28-de-setembro","status":"publish","type":"post","link":"https:\/\/www.federacao-triatlo.pt\/ftp2015\/curso-inicial-de-arbitros-de-triatlo-realiza-se-a-28-de-setembro\/","title":{"rendered":"Curso Inicial de \u00c1rbitros de Triatlo realiza-se a 28 de setembro"},"content":{"rendered":"<p><strong>O triatlo est\u00e1 a crescer sendo necess\u00e1rio formar mais \u00e1rbitros para responder \u00e0s necessidades dos eventos e competi\u00e7\u00f5es em todo o pa\u00eds.<\/strong><br \/>\n<!--more--><br \/>\nNo dia 28 de setembro ir\u00e1 realizar-se em Portim\u00e3o um Curso Inicial de \u00c1rbitros de Triatlo, onde os participantes ter\u00e3o acesso a forma\u00e7\u00e3o te\u00f3rica e pr\u00e1tica de modo a adquirirem os conhecimentos adequados \u00e0 fun\u00e7\u00e3o.<\/p>\n<p>O curso ter\u00e1 a dura\u00e7\u00e3o de um dia e decorrer\u00e1 na Biblioteca Municipal de Portim\u00e3o.<\/p>\n<p>Os formandos dever\u00e3o levar roupa adequada \u00e0 parte pr\u00e1tica do curso (sapatilhas, t-shirt\/ cal\u00e7as\/cal\u00e7\u00f5es).<\/p>\n<h3>Mais informa\u00e7\u00f5es e inscri\u00e7\u00f5es <a href=\"https:\/\/forms.gle\/Gfq7FrJ4kkL6y8CH9\">aqui<\/a><\/h3>\n<p>&nbsp;<\/p>\n<p>&nbsp;<\/p>\n<p>&nbsp;<\/p>\n<p>&nbsp;<\/p>\n","protected":false},"excerpt":{"rendered":"<p>O triatlo est\u00e1 a crescer sendo necess\u00e1rio formar mais \u00e1rbitros [&hellip;]<\/p>\n","protected":false},"author":8439,"featured_media":53343,"comment_status":"closed","ping_status":"closed","sticky":false,"template":"","format":"standard","meta":{"footnotes":""},"categories":[7,2],"tags":[],"_links":{"self":[{"href":"https:\/\/www.federacao-triatlo.pt\/ftp2015\/wp-json\/wp\/v2\/posts\/53342"}],"collection":[{"href":"https:\/\/www.federacao-triatlo.pt\/ftp2015\/wp-json\/wp\/v2\/posts"}],"about":[{"href":"https:\/\/www.federacao-triatlo.pt\/ftp2015\/wp-json\/wp\/v2\/types\/post"}],"author":[{"embeddable":true,"href":"https:\/\/www.federacao-triatlo.pt\/ftp2015\/wp-json\/wp\/v2\/users\/8439"}],"replies":[{"embeddable":true,"href":"https:\/\/www.federacao-triatlo.pt\/ftp2015\/wp-json\/wp\/v2\/comments?post=53342"}],"version-history":[{"count":0,"href":"https:\/\/www.federacao-triatlo.pt\/ftp2015\/wp-json\/wp\/v2\/posts\/53342\/revisions"}],"wp:featuredmedia":[{"embeddable":true,"href":"https:\/\/www.federacao-triatlo.pt\/ftp2015\/wp-json\/wp\/v2\/media\/53343"}],"wp:attachment":[{"href":"https:\/\/www.federacao-triatlo.pt\/ftp2015\/wp-json\/wp\/v2\/media?parent=53342"}],"wp:term":[{"taxonomy":"category","embeddable":true,"href":"https:\/\/www.federacao-triatlo.pt\/ftp2015\/wp-json\/wp\/v2\/categories?post=53342"},{"taxonomy":"post_tag","embeddable":true,"href":"https:\/\/www.federacao-triatlo.pt\/ftp2015\/wp-json\/wp\/v2\/tags?post=53342"}],"curies":[{"name":"wp","href":"https:\/\/api.w.org\/{rel}","templated":true}]}}