{"id":51069,"date":"2019-06-04T12:42:52","date_gmt":"2019-06-04T12:42:52","guid":{"rendered":"https:\/\/www.federacao-triatlo.pt\/ftp2015\/?p=51069"},"modified":"2019-06-17T15:53:24","modified_gmt":"2019-06-17T15:53:24","slug":"i-curso-de-treinador-de-triatlo-grau-iii","status":"publish","type":"post","link":"https:\/\/www.federacao-triatlo.pt\/ftp2015\/i-curso-de-treinador-de-triatlo-grau-iii\/","title":{"rendered":"I Curso de Treinador de Triatlo Grau III"},"content":{"rendered":"<p><strong>Ir\u00e1 realizar-se a partir do dia 5 de julho o primeiro Curso de Treinadores de Triatlo Grau III, com uma componente online e outra presencial na Faculdade de Motricidade Humana.\u00a0<\/strong><br \/>\n<!--more--><\/p>\n<p><strong>Ap\u00f3s conclus\u00e3o do processo de acredita\u00e7\u00e3o do Grau III de treinador de Triatlo junto do IPDJ, o que permitiu tornar o curso realidade, \u00e9 com orgulho que a FTP divulga o primeiro Curso de Treinadores de Grau III em Portugal.<\/strong><\/p>\n<p>Destinado a Treinadores de Triatlo que tenham conclu\u00eddo com aproveitamento o Curso de Grau II, realiza-se pela primeira vez em Portugal o <strong>I Curso de Treinadores de Triatlo Grau III<\/strong>, com o objetivo de desenvolver compet\u00eancias de modo a habilitar profissionais para o treino de atletas de alto rendimento e sele\u00e7\u00f5es nacionais.<\/p>\n<blockquote><p>Desta forma, a FTP, em parceria com a Faculdade de Motricidade Humana, conseguiu reunir um painel de professores universit\u00e1rios de reconhecida val\u00eancia acad\u00e9mica e treinadores com curr\u00edculo muito relevante no Alto Rendimento, enriquecendo o plano do curso de modo a proporcionar um real aprofundamento de conhecimentos nesta \u00e1rea.<\/p>\n<p>Assim, entre outros profissionais, contaremos com:<\/p>\n<p>&#8211; Prof. Dra. Anna Volossovitch (FMH);<\/p>\n<p>&#8211; Prof. Rudi Bernardo (SFRAA);<\/p>\n<p>&#8211; Prof. Jos\u00e9 Machado (FP Nata\u00e7\u00e3o);<\/p>\n<p>&#8211; Prof. Dr. Pedro Almeida (ISPA);<\/p>\n<p>&#8211; Prof. Dr. Ant\u00f3nio Gra\u00e7a (FP Atletismo);<\/p><\/blockquote>\n<p>A componente especifica (presencial) decorrer\u00e1 em hor\u00e1rio p\u00f3s-laboral na Faculdade de Motricidade Humana durante o m\u00eas de julho (consulte o\u00a0<a href=\"https:\/\/www.federacao-triatlo.pt\/ftp2015\/wp-content\/uploads\/2019\/06\/Cronograma_GrauIII.pdf\">Cronograma_GrauIII aqui<\/a>). A componente geral ser\u00e1 realizada em parceria com a GNOSIS em formato online.<\/p>\n<p>Inscreva-se <a href=\"https:\/\/forms.gle\/VAX5wktnJLQMzoWD7\">aqui<\/a><\/p>\n<p>Para mais esclarecimentos, contactar: manuel.alves@federacao-triatlo.pt<\/p>\n<p>&nbsp;<\/p>\n","protected":false},"excerpt":{"rendered":"<p>Ir\u00e1 realizar-se a partir do dia 5 de julho o [&hellip;]<\/p>\n","protected":false},"author":8439,"featured_media":51705,"comment_status":"closed","ping_status":"closed","sticky":false,"template":"","format":"standard","meta":{"footnotes":""},"categories":[7,2],"tags":[],"_links":{"self":[{"href":"https:\/\/www.federacao-triatlo.pt\/ftp2015\/wp-json\/wp\/v2\/posts\/51069"}],"collection":[{"href":"https:\/\/www.federacao-triatlo.pt\/ftp2015\/wp-json\/wp\/v2\/posts"}],"about":[{"href":"https:\/\/www.federacao-triatlo.pt\/ftp2015\/wp-json\/wp\/v2\/types\/post"}],"author":[{"embeddable":true,"href":"https:\/\/www.federacao-triatlo.pt\/ftp2015\/wp-json\/wp\/v2\/users\/8439"}],"replies":[{"embeddable":true,"href":"https:\/\/www.federacao-triatlo.pt\/ftp2015\/wp-json\/wp\/v2\/comments?post=51069"}],"version-history":[{"count":0,"href":"https:\/\/www.federacao-triatlo.pt\/ftp2015\/wp-json\/wp\/v2\/posts\/51069\/revisions"}],"wp:featuredmedia":[{"embeddable":true,"href":"https:\/\/www.federacao-triatlo.pt\/ftp2015\/wp-json\/wp\/v2\/media\/51705"}],"wp:attachment":[{"href":"https:\/\/www.federacao-triatlo.pt\/ftp2015\/wp-json\/wp\/v2\/media?parent=51069"}],"wp:term":[{"taxonomy":"category","embeddable":true,"href":"https:\/\/www.federacao-triatlo.pt\/ftp2015\/wp-json\/wp\/v2\/categories?post=51069"},{"taxonomy":"post_tag","embeddable":true,"href":"https:\/\/www.federacao-triatlo.pt\/ftp2015\/wp-json\/wp\/v2\/tags?post=51069"}],"curies":[{"name":"wp","href":"https:\/\/api.w.org\/{rel}","templated":true}]}}