{"id":50962,"date":"2019-06-03T15:25:20","date_gmt":"2019-06-03T15:25:20","guid":{"rendered":"https:\/\/www.federacao-triatlo.pt\/ftp2015\/?p=50962"},"modified":"2019-06-19T11:51:38","modified_gmt":"2019-06-19T11:51:38","slug":"acoes-de-formacao-continua-dia-22-de-junho-em-caminha","status":"publish","type":"post","link":"https:\/\/www.federacao-triatlo.pt\/ftp2015\/acoes-de-formacao-continua-dia-22-de-junho-em-caminha\/","title":{"rendered":"A\u00e7\u00f5es de Forma\u00e7\u00e3o Cont\u00ednua dia 22 de junho em Caminha"},"content":{"rendered":"<p><strong>No dia anterior ao Triatlo Longo de Caminha ir\u00e3o realizar-se duas a\u00e7\u00f5es de forma\u00e7\u00e3o cont\u00ednua destinadas a Treinadores de Triatlo.<\/strong><br \/>\n<!--more-->Cada vez mais os treinadores de triatlo precisam de se atualizar, sendo esta uma excelente oportunidade para desenvolver compet\u00eancias nesta \u00e1rea, enriquecendo conhecimentos atrav\u00e9s tamb\u00e9m da partilha de experi\u00eancias entre os diferentes treinadores. Dentro deste contexto ir\u00e3o realizar-se duas ac\u00f5es de forma\u00e7\u00e3o com maior pertin\u00eancia para os treinadores de triatlo.<\/p>\n<h3><strong>\u2018Material T\u00e9cnico de Triatlo\u2019 <\/strong><strong>e \u2018Periodiza\u00e7\u00e3o e Planeamento do Treino\u2019<\/strong><\/h3>\n<p>No dia 22 de junho da parte da manh\u00e3 ir\u00e1 realizar-se em Caminha uma a\u00e7\u00e3o de forma\u00e7\u00e3o em \u2018<strong>Material T\u00e9cnico de Triatlo\u2019<\/strong> e da parte da tarde ter\u00e1 lugar outra a\u00e7\u00e3o de forma\u00e7\u00e3o, desta vez em \u2018<strong>Periodiza\u00e7\u00e3o e Planeamento do Treino<\/strong>\u2019. As duas forma\u00e7\u00f5es ser\u00e3o ministradas pelo Prof. Andr\u00e9 Guimar\u00e3es.<\/p>\n<blockquote>\n<h2><strong>\u2018Material T\u00e9cnico de Triatlo\u2019, 22 de junho, 9h &#8211; \u00a0Caminha<\/strong><\/h2>\n<\/blockquote>\n<p>O Triatlo inclui material espec\u00edfico para tr\u00eas modalidades, implicando uma escolha criteriosa de equipamento que depende tamb\u00e9m do n\u00edvel de triatlo, dos objetivos pretendidos e das dist\u00e2ncias a alcan\u00e7ar em treino e em prova. O aconselhamento de material dos treinadores aos triatletas assume import\u00e2ncia dado que pode influenciar os treinos e a performance das provas, podendo mesmo ajudar na preven\u00e7\u00e3o de les\u00f5es.<\/p>\n<h3><strong>Programa da forma\u00e7\u00e3o:<\/strong><\/h3>\n<p><strong>10h<\/strong> \u2013 In\u00edcio da forma\u00e7\u00e3o;<br \/>\n&#8211; a import\u00e2ncia do material t\u00e9cnico em Treino e Competi\u00e7\u00e3o;<br \/>\n&#8211; o material espec\u00edfico para treino e competi\u00e7\u00e3o na nata\u00e7\u00e3o em Triatlo;<br \/>\n&#8211; o material espec\u00edfico para treino e competi\u00e7\u00e3o no ciclismo em Triatlo;<br \/>\n&#8211; o material espec\u00edfico para treino e competi\u00e7\u00e3o na corrida em Triatlo.<br \/>\n<strong>13h<\/strong> Encerramento;<\/p>\n<p><strong>Raz\u00f5es\/pertin\u00eancia da a\u00e7\u00e3o:<\/strong><\/p>\n<p>&#8211; Transmitir aos treinadores de Triatlo compet\u00eancias que lhes permitam identificar e aconselhar os seus atletas, na escolha do material a adquirir para treino e competi\u00e7\u00e3o;<\/p>\n<p>&#8211; Identificar e perceber as vantagens\/desvantagens do uso de determinado equipamento\/material.<\/p>\n<p><strong>Atribui<\/strong> 0,8 UC para a componente espec\u00edfica da c\u00e9dula de treinador de Triatlo.<br \/>\n<strong>Valor<\/strong>: 5\u20ac*<br \/>\n<strong>Local:<\/strong> Caminha &#8211; Audit\u00f3rio do Museu, ao lado da Biblioteca.<br \/>\nRua Dr. Luciano Amorim e Silva<\/p>\n<h3><strong>Inscreva-se <a href=\"https:\/\/forms.gle\/MpyzBodYBu5ynMUe9\">aqui<\/a> <\/strong><!--more--><\/h3>\n<h3><\/h3>\n<blockquote>\n<h2><strong>\u2018Periodiza\u00e7\u00e3o e Planeamento do Treino\u2019, 22 de junho, 14h &#8211; Caminha<\/strong><\/h2>\n<\/blockquote>\n<p>Um treinador de triatlo deve ter conhecimentos ecl\u00e9ticos, com uma perspetiva global das tr\u00eas disciplinas que comp\u00f5em o triatlo. Esta forma\u00e7\u00e3o visa partilhar e refletir sobre as diferentes metodologias de treino aplicadas, tendo em conta a dist\u00e2ncia ol\u00edmpica e a longa dist\u00e2ncia.<\/p>\n<p><strong>Programa de forma\u00e7\u00e3o<\/strong><\/p>\n<p><strong>14h<\/strong> \u2013 In\u00edcio da forma\u00e7\u00e3o<br \/>\n&#8211; Metodologia do Treino &#8211; as teorias que melhor se adaptam ao treino de Triatlo;<br \/>\n&#8211; A elabora\u00e7\u00e3o de um programa de treino &#8211; macrociclo, mesociclo, microciclo;<br \/>\n&#8211; Da teoria \u00e0 pr\u00e1tica &#8211; casos de sucesso em Triatlo<br \/>\n<strong>17h <\/strong>\u2013 Encerramento;<\/p>\n<p><strong>Raz\u00f5es\/pertin\u00eancia da a\u00e7\u00e3o:<\/strong><\/p>\n<p>&#8211; Promover a reflex\u00e3o e partilha entre treinadores, sobre as diversas metodologias aplicadas no treino de triatletas;<br \/>\n&#8211; Refletir perante a especificidade da Dist\u00e2ncia Ol\u00edmpica e Dist\u00e2ncia Longa;<\/p>\n<p><strong>Atribui <\/strong>0,8 UC para a componente espec\u00edfica da c\u00e9dula de treinador de Triatlo.<br \/>\n<strong>Valor<\/strong>: 5\u20ac*<br \/>\nSala a designar<\/p>\n<p>* O valor de inscri\u00e7\u00e3o \u00e9 de 5\u20ac, quer se inscreva em apenas numa ou em ambas as a\u00e7\u00f5es de forma\u00e7\u00e3o.<\/p>\n<h3><strong>Inscreva-se <a href=\"https:\/\/forms.gle\/MpyzBodYBu5ynMUe9\">aqui<\/a><\/strong><\/h3>\n<p>&nbsp;<\/p>\n","protected":false},"excerpt":{"rendered":"<p>No dia anterior ao Triatlo Longo de Caminha ir\u00e3o realizar-se [&hellip;]<\/p>\n","protected":false},"author":8439,"featured_media":50969,"comment_status":"closed","ping_status":"closed","sticky":false,"template":"","format":"standard","meta":{"footnotes":""},"categories":[7,2],"tags":[],"_links":{"self":[{"href":"https:\/\/www.federacao-triatlo.pt\/ftp2015\/wp-json\/wp\/v2\/posts\/50962"}],"collection":[{"href":"https:\/\/www.federacao-triatlo.pt\/ftp2015\/wp-json\/wp\/v2\/posts"}],"about":[{"href":"https:\/\/www.federacao-triatlo.pt\/ftp2015\/wp-json\/wp\/v2\/types\/post"}],"author":[{"embeddable":true,"href":"https:\/\/www.federacao-triatlo.pt\/ftp2015\/wp-json\/wp\/v2\/users\/8439"}],"replies":[{"embeddable":true,"href":"https:\/\/www.federacao-triatlo.pt\/ftp2015\/wp-json\/wp\/v2\/comments?post=50962"}],"version-history":[{"count":0,"href":"https:\/\/www.federacao-triatlo.pt\/ftp2015\/wp-json\/wp\/v2\/posts\/50962\/revisions"}],"wp:featuredmedia":[{"embeddable":true,"href":"https:\/\/www.federacao-triatlo.pt\/ftp2015\/wp-json\/wp\/v2\/media\/50969"}],"wp:attachment":[{"href":"https:\/\/www.federacao-triatlo.pt\/ftp2015\/wp-json\/wp\/v2\/media?parent=50962"}],"wp:term":[{"taxonomy":"category","embeddable":true,"href":"https:\/\/www.federacao-triatlo.pt\/ftp2015\/wp-json\/wp\/v2\/categories?post=50962"},{"taxonomy":"post_tag","embeddable":true,"href":"https:\/\/www.federacao-triatlo.pt\/ftp2015\/wp-json\/wp\/v2\/tags?post=50962"}],"curies":[{"name":"wp","href":"https:\/\/api.w.org\/{rel}","templated":true}]}}