{"id":50073,"date":"2019-05-14T16:20:40","date_gmt":"2019-05-14T16:20:40","guid":{"rendered":"https:\/\/www.federacao-triatlo.pt\/ftp2015\/?p=50073"},"modified":"2019-05-14T16:24:20","modified_gmt":"2019-05-14T16:24:20","slug":"xiii-curso-de-treinadores-de-triatlo-de-grau-1","status":"publish","type":"post","link":"https:\/\/www.federacao-triatlo.pt\/ftp2015\/xiii-curso-de-treinadores-de-triatlo-de-grau-1\/","title":{"rendered":"XIII Curso de Treinadores de Triatlo de Grau 1"},"content":{"rendered":"<p><strong>\u00c9 j\u00e1 a partir de dia 28 de junho que se realiza o XIII Curso de Formadores de Triatlo Grau I com vagas s\u00e3o limitadas.<\/strong><br \/>\n<!--more--><\/p>\n<p><strong>Sendo o Triatlo uma modalidade em expans\u00e3o, torna-se necess\u00e1rio formar profissionais habilitados a treinar o n\u00famero crescente de pessoas que quer iniciar-se na modalidade, ou acompanhar aquelas que j\u00e1 treinam, mas t\u00eam ambi\u00e7\u00e3o em progredir. <\/strong><\/p>\n<p>Se est\u00e1 ligado \u00e0 \u00e1rea desportiva, e pretende ser treinador de triatlo, esta forma\u00e7\u00e3o \u00e9 para si. I<strong>r\u00e1 realizar-se em S\u00e3o Jo\u00e3o da Madeira um Curso de Treinadores de Grau 1<\/strong>, que tem in\u00edcio no dia 28 de junho, com 40 horas de forma\u00e7\u00e3o espec\u00edfica presencial em hor\u00e1rio p\u00f3s-laboral e no fim de semana, 40 horas de forma\u00e7\u00e3o geral online e 550 horas de est\u00e1gio.<\/p>\n<p>A forma\u00e7\u00e3o destina-se a profissionais que trabalhem na \u00e1rea do desporto e que pretendam trabalhar com jovens e atletas que estejam a iniciar na modalidade. O objetivo \u00e9 formar treinadores que integrem escal\u00f5es de forma\u00e7\u00e3o e triatletas menos experientes.<\/p>\n<p><!--more--><\/p>\n<p><strong>Datas e hor\u00e1rios:<br \/>\n28 de junho e cinco de julho das 18h30 \u00e0s 22h e 29 e 30 de junho e 6 e 7 de julho das 9h \u00e0s 18h<br \/>\n<\/strong>O curso \u00e9 composto por uma forma\u00e7\u00e3o presencial espec\u00edfica de 40 horas, uma forma\u00e7\u00e3o geral online de 40 horas, com a nossa parceira Gnosis e uma componente pr\u00e1tica de est\u00e1gio que totaliza as 550 horas, que corresponde sensivelmente a uma \u00e9poca desportiva, cujo objetivo \u00e9 uma aprendizagem em terreno e treino e acompanhamento de competi\u00e7\u00f5es.<\/p>\n<p><strong>Local:<br \/>\n<\/strong>Complexo Desportivo Paulo Pinto, S\u00e3o Jo\u00e3o da Madeira<\/p>\n<p><strong>Destinat\u00e1rios:<\/strong> profissionais na \u00e1rea do desporto que pretendam trabalhar com jovens atletas em forma\u00e7\u00e3o e atletas que se iniciam na modalidade.<\/p>\n<p><strong>Local<\/strong>: A componente espec\u00edfica decorrer\u00e1 no Complexo Desportivo Paulo Pinto 3700-349, S\u00e3o Jo\u00e3o da Madeira<\/p>\n<p>Valor de inscri\u00e7\u00e3o: 100 euros<\/p>\n<p>As vagas s\u00e3o limitadas a 25 formandos, por isso se est\u00e1 interessado apresse a sua inscri\u00e7\u00e3o.<\/p>\n<h3>Inscreva-se <a href=\"https:\/\/forms.gle\/jKuiz7AykiujHAyz7\">aqui\u00a0<\/a><\/h3>\n<p>&nbsp;<\/p>\n<p>&nbsp;<\/p>\n<p>&nbsp;<\/p>\n","protected":false},"excerpt":{"rendered":"<p>\u00c9 j\u00e1 a partir de dia 28 de junho que [&hellip;]<\/p>\n","protected":false},"author":8439,"featured_media":50074,"comment_status":"closed","ping_status":"closed","sticky":false,"template":"","format":"standard","meta":{"footnotes":""},"categories":[7,2],"tags":[],"_links":{"self":[{"href":"https:\/\/www.federacao-triatlo.pt\/ftp2015\/wp-json\/wp\/v2\/posts\/50073"}],"collection":[{"href":"https:\/\/www.federacao-triatlo.pt\/ftp2015\/wp-json\/wp\/v2\/posts"}],"about":[{"href":"https:\/\/www.federacao-triatlo.pt\/ftp2015\/wp-json\/wp\/v2\/types\/post"}],"author":[{"embeddable":true,"href":"https:\/\/www.federacao-triatlo.pt\/ftp2015\/wp-json\/wp\/v2\/users\/8439"}],"replies":[{"embeddable":true,"href":"https:\/\/www.federacao-triatlo.pt\/ftp2015\/wp-json\/wp\/v2\/comments?post=50073"}],"version-history":[{"count":0,"href":"https:\/\/www.federacao-triatlo.pt\/ftp2015\/wp-json\/wp\/v2\/posts\/50073\/revisions"}],"wp:featuredmedia":[{"embeddable":true,"href":"https:\/\/www.federacao-triatlo.pt\/ftp2015\/wp-json\/wp\/v2\/media\/50074"}],"wp:attachment":[{"href":"https:\/\/www.federacao-triatlo.pt\/ftp2015\/wp-json\/wp\/v2\/media?parent=50073"}],"wp:term":[{"taxonomy":"category","embeddable":true,"href":"https:\/\/www.federacao-triatlo.pt\/ftp2015\/wp-json\/wp\/v2\/categories?post=50073"},{"taxonomy":"post_tag","embeddable":true,"href":"https:\/\/www.federacao-triatlo.pt\/ftp2015\/wp-json\/wp\/v2\/tags?post=50073"}],"curies":[{"name":"wp","href":"https:\/\/api.w.org\/{rel}","templated":true}]}}