{"id":48858,"date":"2019-04-22T13:14:53","date_gmt":"2019-04-22T13:14:53","guid":{"rendered":"https:\/\/www.federacao-triatlo.pt\/ftp2015\/?p=48858"},"modified":"2019-07-22T11:03:34","modified_gmt":"2019-07-22T11:03:34","slug":"campeonato-do-mundo-multisports-em-pontevedra","status":"publish","type":"post","link":"https:\/\/www.federacao-triatlo.pt\/ftp2015\/campeonato-do-mundo-multisports-em-pontevedra\/","title":{"rendered":"Campeonato do Mundo Multisport em Pontevedra"},"content":{"rendered":"<p><strong>Est\u00e1 a chegar o Campeonato do Mundo Multisport que ir\u00e1 realizar-se entre 27 de abril e 5 de maio em Pontevedra.<\/strong><!--more--><\/p>\n<p>A cidade galega recebe os Campeonatos Mundiais de Duatlo na dist\u00e2ncia sprint e standard, Aquatlo, Triatlo Cross, Triatlo de Longa Dist\u00e2ncia e Aquabike, eventos com grande espetacularidade para a elite e com percursos para os grupos de idade que permitem desfrutar de uma competi\u00e7\u00e3o din\u00e2mica e diversificada.<\/p>\n<p>O nosso pa\u00eds conta com a maior comitiva lusa de sempre apoiada pela Federa\u00e7\u00e3o de Triatlo de Portugal, com quase 200 atletas entre age groups e elite que ir\u00e3o marcar presen\u00e7a nas v\u00e1rias provas deste grande evento.<\/p>\n<p><a href=\"https:\/\/www.federacao-triatlo.pt\/ftp2015\/wp-content\/uploads\/2019\/04\/da3_0138__medium.jpg\"><img decoding=\"async\" class=\"alignnone wp-image-48860 size-full\" src=\"https:\/\/www.federacao-triatlo.pt\/ftp2015\/wp-content\/uploads\/2019\/04\/da3_0138__medium.jpg\" alt=\"\" width=\"700\" height=\"465\" srcset=\"https:\/\/www.federacao-triatlo.pt\/ftp2015\/wp-content\/uploads\/2019\/04\/da3_0138__medium-200x133.jpg 200w, https:\/\/www.federacao-triatlo.pt\/ftp2015\/wp-content\/uploads\/2019\/04\/da3_0138__medium-300x199.jpg 300w, https:\/\/www.federacao-triatlo.pt\/ftp2015\/wp-content\/uploads\/2019\/04\/da3_0138__medium-400x266.jpg 400w, https:\/\/www.federacao-triatlo.pt\/ftp2015\/wp-content\/uploads\/2019\/04\/da3_0138__medium-500x332.jpg 500w, https:\/\/www.federacao-triatlo.pt\/ftp2015\/wp-content\/uploads\/2019\/04\/da3_0138__medium-600x399.jpg 600w, https:\/\/www.federacao-triatlo.pt\/ftp2015\/wp-content\/uploads\/2019\/04\/da3_0138__medium.jpg 700w\" sizes=\"(max-width: 700px) 100vw, 700px\" \/><\/a><\/p>\n<p>O centro da cidade de Pontevedra e o ambiente natural \u00e0 volta do rio L\u00e9rez, juntamente com as instala\u00e7\u00f5es do Centro Galego de Tecnificaci\u00f3n Deportiva, integram o cen\u00e1rio principal deste Campeonato de Mundo. Tudo est\u00e1 pensado para que familiares e acompanhantes desfrutem das zonas de competi\u00e7\u00e3o com os seus desportistas favoritos, j\u00e1 que todos os servi\u00e7os est\u00e3o pr\u00f3ximos. Outro ponto atrativo, al\u00e9m das excelentes condi\u00e7\u00f5es para a pr\u00e1tica de triatlo, \u00e9 a oferta cultural de Pontevedra, uma cidade com pontos hist\u00f3ricos e tur\u00edsticos muito interessantes.<\/p>\n<p>O programa deste Campeonato do Mundo incluir\u00e1 uma festa de boas vindas, com as provas de Duatlo a abrir nos dias 27 de abril (os atletas s\u00f3 se inscrevem numa das provas \u2013 standard ou sprint), seguidas da competi\u00e7\u00e3o mundial de Triatlo Cross no dia 30 de abril, o Aquatlo a 2 de maio com o Triatlo de Longa Dist\u00e2ncia e o Aquabike no dia 4 de maio a encerrarem a competi\u00e7\u00e3o.<\/p>\n<p>O Campeonato do Mundo Multisport, que ser\u00e1 de elevado n\u00edvel competitivo, ir\u00e1 receber os Campeonatos Mundiais de Duatlo na dist\u00e2ncia sprint (27 de abril de manh\u00e3) e Duatlo standard (27 de abril da parte da tarde), Duatlo de Paratriatlo (28 de abril), Duatlo J\u00fanior (28 de abril), Triatlo Cross (30 de abril), Aquatlo (2 de maio), Triatlo de Longa Dist\u00e2ncia e Aquabike (4 de maio).<\/p>\n<h2>As provas da elite nacional<\/h2>\n<p>No escal\u00e3o de elite haver\u00e1 alguns atletas a representar Portugal nas provas de Duatlo, Triatlo Cross, Aquatlo e Triatlo de Longa Dist\u00e2ncia, com um atleta a representar as cores nacionais em juniores.<\/p>\n<p>Pedro Mendes ir\u00e1 participar no Aquatlo, na prova que ser\u00e1 de qualifica\u00e7\u00e3o para os Jogos Mundiais de Praia em San Diego (um repto lan\u00e7ado pelo Comit\u00e9 Ol\u00edmpico de Portugal). Este nosso atleta conquistou a medalha de bronze no Campeonato da Europa de Aquatlo em 2014 em Col\u00f3nia.<\/p>\n<p>Ana Filipa Santos, que ir\u00e1 participar no Duatlo e na longa dist\u00e2ncia (Triatlo), obteve o 16\u00ba no Campeonato do Mundo de Duatlo e ficou na 9\u00ba\u00aa posi\u00e7\u00e3o no Campeonato Europeu de Triatlo de M\u00e9dia Dist\u00e2ncia (sendo Campe\u00e3 Nacional desta dist\u00e2ncia)<\/p>\n<p>Vanessa Pereira, Campe\u00e3 Nacional de Triatlo Longo, foi 9\u00ba no Campeonato Europeu de Longa Dist\u00e2ncia e ficou na 6\u00aa posi\u00e7\u00e3o em 2016 pelo que ser\u00e1 tamb\u00e9m uma aposta em que depositamos alguma expectativa.<\/p>\n<p>No Triatlo Cross teremos em representa\u00e7\u00e3o, entre outros, o atleta Rui Dolores, Campe\u00e3o Nacional de Triatlo Cross, que fez ficou em 7\u00ba no Campeonato Europeu de Triatlo Cross, um grande atleta com provas dadas internacionalmente e que poder\u00e1 conquistar um boa posi\u00e7\u00e3o.<\/p>\n<p>O Triatlo de Longa Dist\u00e2ncia contar\u00e1 com a presen\u00e7a de um atleta na elite masculina e outro na categoria j\u00fanior (Marco Miguel e Hugo Figueiredo).<\/p>\n<h3>Veja os nossos atletas de elite que v\u00e3o participar <a href=\"https:\/\/www.federacao-triatlo.pt\/ftp2015\/wp-content\/uploads\/2019\/03\/Convocat%C3%B3riao-ITU-Multisport-Pontevedra.pdf\">aqui<\/a><\/h3>\n<p>&nbsp;<\/p>\n<p><a href=\"https:\/\/www.federacao-triatlo.pt\/ftp2015\/wp-content\/uploads\/2019\/04\/ag_0030.jpg\"><img decoding=\"async\" class=\"alignnone wp-image-48861 size-large\" src=\"https:\/\/www.federacao-triatlo.pt\/ftp2015\/wp-content\/uploads\/2019\/04\/ag_0030-1024x683.jpg\" alt=\"\" width=\"1024\" height=\"683\" srcset=\"https:\/\/www.federacao-triatlo.pt\/ftp2015\/wp-content\/uploads\/2019\/04\/ag_0030-200x133.jpg 200w, https:\/\/www.federacao-triatlo.pt\/ftp2015\/wp-content\/uploads\/2019\/04\/ag_0030-300x200.jpg 300w, https:\/\/www.federacao-triatlo.pt\/ftp2015\/wp-content\/uploads\/2019\/04\/ag_0030-400x267.jpg 400w, https:\/\/www.federacao-triatlo.pt\/ftp2015\/wp-content\/uploads\/2019\/04\/ag_0030-500x333.jpg 500w, https:\/\/www.federacao-triatlo.pt\/ftp2015\/wp-content\/uploads\/2019\/04\/ag_0030-600x400.jpg 600w, https:\/\/www.federacao-triatlo.pt\/ftp2015\/wp-content\/uploads\/2019\/04\/ag_0030-768x512.jpg 768w, https:\/\/www.federacao-triatlo.pt\/ftp2015\/wp-content\/uploads\/2019\/04\/ag_0030-800x533.jpg 800w, https:\/\/www.federacao-triatlo.pt\/ftp2015\/wp-content\/uploads\/2019\/04\/ag_0030-1024x683.jpg 1024w, https:\/\/www.federacao-triatlo.pt\/ftp2015\/wp-content\/uploads\/2019\/04\/ag_0030.jpg 1140w\" sizes=\"(max-width: 1024px) 100vw, 1024px\" \/><\/a><\/p>\n<h3>Pode ver aqui o hor\u00e1rio das provas: <a href=\"https:\/\/pontevedra2019.org\/itu\/eventos\/horarios-de-eventos\/\">https:\/\/pontevedra2019.org\/itu\/eventos\/horarios-de-eventos\/<\/a><\/h3>\n<h3><strong>Desejamos uma excelente prova a todos! <\/strong><\/h3>\n","protected":false},"excerpt":{"rendered":"<p>Est\u00e1 a chegar o Campeonato do Mundo Multisport que ir\u00e1 [&hellip;]<\/p>\n","protected":false},"author":8439,"featured_media":48859,"comment_status":"closed","ping_status":"closed","sticky":false,"template":"","format":"standard","meta":{"footnotes":""},"categories":[335,2],"tags":[],"_links":{"self":[{"href":"https:\/\/www.federacao-triatlo.pt\/ftp2015\/wp-json\/wp\/v2\/posts\/48858"}],"collection":[{"href":"https:\/\/www.federacao-triatlo.pt\/ftp2015\/wp-json\/wp\/v2\/posts"}],"about":[{"href":"https:\/\/www.federacao-triatlo.pt\/ftp2015\/wp-json\/wp\/v2\/types\/post"}],"author":[{"embeddable":true,"href":"https:\/\/www.federacao-triatlo.pt\/ftp2015\/wp-json\/wp\/v2\/users\/8439"}],"replies":[{"embeddable":true,"href":"https:\/\/www.federacao-triatlo.pt\/ftp2015\/wp-json\/wp\/v2\/comments?post=48858"}],"version-history":[{"count":0,"href":"https:\/\/www.federacao-triatlo.pt\/ftp2015\/wp-json\/wp\/v2\/posts\/48858\/revisions"}],"wp:featuredmedia":[{"embeddable":true,"href":"https:\/\/www.federacao-triatlo.pt\/ftp2015\/wp-json\/wp\/v2\/media\/48859"}],"wp:attachment":[{"href":"https:\/\/www.federacao-triatlo.pt\/ftp2015\/wp-json\/wp\/v2\/media?parent=48858"}],"wp:term":[{"taxonomy":"category","embeddable":true,"href":"https:\/\/www.federacao-triatlo.pt\/ftp2015\/wp-json\/wp\/v2\/categories?post=48858"},{"taxonomy":"post_tag","embeddable":true,"href":"https:\/\/www.federacao-triatlo.pt\/ftp2015\/wp-json\/wp\/v2\/tags?post=48858"}],"curies":[{"name":"wp","href":"https:\/\/api.w.org\/{rel}","templated":true}]}}