{"id":47744,"date":"2019-04-03T14:38:26","date_gmt":"2019-04-03T14:38:26","guid":{"rendered":"https:\/\/www.federacao-triatlo.pt\/ftp2015\/?p=47744"},"modified":"2019-04-03T14:38:26","modified_gmt":"2019-04-03T14:38:26","slug":"acao-de-formacao-continua-bike-fit-1-0","status":"publish","type":"post","link":"https:\/\/www.federacao-triatlo.pt\/ftp2015\/acao-de-formacao-continua-bike-fit-1-0\/","title":{"rendered":"A\u00e7\u00e3o de Forma\u00e7\u00e3o Cont\u00ednua \u2018Bike Fit\u2019 1.0"},"content":{"rendered":"<p><strong>N\u00e3o perca a a\u00e7\u00e3o de forma\u00e7\u00e3o de Bike Fit 1.0 dia a realizar a 27 de abril em Quarteira.<\/strong><br \/>\n<!--more--><br \/>\nNo dia 27 de abril, a FTP ir\u00e1 organizar em Quarteira uma A\u00e7\u00e3o de Forma\u00e7\u00e3o Cont\u00ednua \u2018Bike Fit 1.0 \u2013 corre\u00e7\u00e3o de posturas incorretas em ciclismo direcionada para treinadores de Triatlo.<\/p>\n<h3>A forma\u00e7\u00e3o ter\u00e1 o seguinte programa:<\/h3>\n<p><strong>8h<\/strong>\u2013 rece\u00e7\u00e3o e acredita\u00e7\u00e3o dos participantes;<\/p>\n<p><strong>8h30<\/strong> \u2013 In\u00edcio;<\/p>\n<p>&#8211; erros mais comuns no posicionamento do triatleta, na bicicleta:<\/p>\n<p>&#8211; a escolha da bicicleta\/material de ciclismo;<\/p>\n<p>&#8211; aspetos cr\u00edticos na avalia\u00e7\u00e3o da posi\u00e7\u00e3o do triatleta;<\/p>\n<p><strong>12h30 \u2013 Encerramento;<\/strong><\/p>\n<p>Local:<\/p>\n<p>Hotel Dom Jos\u00e9, Quarteira<\/p>\n<p>Raz\u00f5es\/pertin\u00eancia da a\u00e7\u00e3o<\/p>\n<p>&#8211; Transmitir aos treinadores de Triatlo compet\u00eancias que lhes permitam identificar e aconselhar os seus atletas, na escolha da bicicleta, no seu ajuste ergon\u00f3mico e a procurar a posi\u00e7\u00e3o que ofere\u00e7a um compromisso entre conforto e performance;<\/p>\n<p>&#8211; Com frequ\u00eancia os treinadores s\u00e3o abordados por pais e atletas que procuram aconselhamento para a escolha da bicicleta, ou para &#8220;afina\u00e7\u00e3o&#8221; da posi\u00e7\u00e3o na bicicleta. Por outro lado, os treinadores devem ter a capacidade para avaliarem e corrigirem a postura dos triatletas em cima da bicicleta.<\/p>\n<p>Colaborando com as sele\u00e7\u00f5es nacionais de Triatlo, desde 2011, Ant\u00f3nio Fac\u00e3o tem uma experi\u00eancia acumulada de milhares de avalia\u00e7\u00f5es a ciclistas e triatletas. Nesta a\u00e7\u00e3o de forma\u00e7\u00e3o abordar\u00e1, de forma pr\u00e1tica, o fundamental\/b\u00e1sico para o bike fit.<\/p>\n<h2>Fa\u00e7a a sua inscri\u00e7\u00e3o <a href=\"https:\/\/forms.gle\/sDcbNzFgTWnGXcNRA\">aqui\u00a0<\/a><\/h2>\n<p>&nbsp;<\/p>\n","protected":false},"excerpt":{"rendered":"<p>N\u00e3o perca a a\u00e7\u00e3o de forma\u00e7\u00e3o de Bike Fit 1.0 [&hellip;]<\/p>\n","protected":false},"author":8439,"featured_media":47745,"comment_status":"closed","ping_status":"closed","sticky":false,"template":"","format":"standard","meta":{"footnotes":""},"categories":[7,2],"tags":[],"_links":{"self":[{"href":"https:\/\/www.federacao-triatlo.pt\/ftp2015\/wp-json\/wp\/v2\/posts\/47744"}],"collection":[{"href":"https:\/\/www.federacao-triatlo.pt\/ftp2015\/wp-json\/wp\/v2\/posts"}],"about":[{"href":"https:\/\/www.federacao-triatlo.pt\/ftp2015\/wp-json\/wp\/v2\/types\/post"}],"author":[{"embeddable":true,"href":"https:\/\/www.federacao-triatlo.pt\/ftp2015\/wp-json\/wp\/v2\/users\/8439"}],"replies":[{"embeddable":true,"href":"https:\/\/www.federacao-triatlo.pt\/ftp2015\/wp-json\/wp\/v2\/comments?post=47744"}],"version-history":[{"count":0,"href":"https:\/\/www.federacao-triatlo.pt\/ftp2015\/wp-json\/wp\/v2\/posts\/47744\/revisions"}],"wp:featuredmedia":[{"embeddable":true,"href":"https:\/\/www.federacao-triatlo.pt\/ftp2015\/wp-json\/wp\/v2\/media\/47745"}],"wp:attachment":[{"href":"https:\/\/www.federacao-triatlo.pt\/ftp2015\/wp-json\/wp\/v2\/media?parent=47744"}],"wp:term":[{"taxonomy":"category","embeddable":true,"href":"https:\/\/www.federacao-triatlo.pt\/ftp2015\/wp-json\/wp\/v2\/categories?post=47744"},{"taxonomy":"post_tag","embeddable":true,"href":"https:\/\/www.federacao-triatlo.pt\/ftp2015\/wp-json\/wp\/v2\/tags?post=47744"}],"curies":[{"name":"wp","href":"https:\/\/api.w.org\/{rel}","templated":true}]}}