{"id":46158,"date":"2019-03-05T13:08:15","date_gmt":"2019-03-05T13:08:15","guid":{"rendered":"https:\/\/www.federacao-triatlo.pt\/ftp2015\/?p=46158"},"modified":"2019-03-30T20:30:38","modified_gmt":"2019-03-30T20:30:38","slug":"3o-congresso-tecnico-cientifico","status":"publish","type":"post","link":"https:\/\/www.federacao-triatlo.pt\/ftp2015\/3o-congresso-tecnico-cientifico\/","title":{"rendered":"3\u00ba Congresso T\u00e9cnico Cient\u00edfico"},"content":{"rendered":"\n<p><strong>No dia 30 de mar\u00e7o ir\u00e1 realizar-se o 3\u00ba Congresso T\u00e9cnico Cient\u00edfico promovido pela Associa\u00e7\u00e3o de Treinadores de Triatlo de Portugal e que conta com v\u00e1rios palestrantes de relevo nacionais e estrangeiros ligados \u00e0 modalidade. <\/strong><\/p>\n\n\n\n<p>Este congresso, acreditado pelo IPDJ para a forma\u00e7\u00e3o cont\u00ednua de Treinadores de Grau I, II, III e IV, integra um programa diversificado e interessante onde se inclui um enquadramento do treinador da Federa\u00e7\u00e3o Norueguesa de Triatlo Arild Tveiten. O t\u00e9cnico ir\u00e1 abordar o percurso da Federa\u00e7\u00e3o desde 2012, altura em que esta se encontrava numa situa\u00e7\u00e3o emergente para se transformar numa das candidatas a medalhas ol\u00edmpicas em T\u00f3quio 2020. <br>Outro dos temas a abordar \u00e9 a interven\u00e7\u00e3o do fisiologista do exerc\u00edcio no alto rendimento desportivo, prele\u00e7\u00e3o orientada por Dr. Am\u00e2ndio Santos, professor Associado da FCDEF da Universidade de Coimbra. Ant\u00f3nio Fortuna, Diretor T\u00e9cnico Nacional, ir\u00e1 apresentar o plano estrat\u00e9gico da FTP relativamente ao alto rendimento e Lu\u00eds Lopes, docente da modalidade desportiva \u2018ciclismo\u2019 da ESDRM, ir\u00e1 desenvolver o tema da an\u00e1lise biomec\u00e2nica do movimento. <br>Para al\u00e9m destes preletores, ir\u00e1 tamb\u00e9m marcar presen\u00e7a a Dra. Cristina Caetano, presidente da Associa\u00e7\u00e3o Portuguesa da Fisiologia do Exerc\u00edcio e S\u00e9rgio Santos, presidente da Associa\u00e7\u00e3o de Treinadores de Triatlo de Portugal. <\/p>\n\n\n\n<p class=\"has-background has-very-light-gray-background-color\"><strong>3\u00ba Congresso T\u00e9cnico Cient\u00edfico<\/strong><br><strong>Data: 30<\/strong> de mar\u00e7o<br><strong>Hora:<\/strong> 9h-17h<br><strong>Local:<\/strong> Audit\u00f3rio Escola Superior de Desporto de Rio Maior<br><strong>A\u00e7\u00e3o acreditada pelo IPDJ:<\/strong> com 1,5UC<br><strong>Valores de inscri\u00e7\u00e3o:<\/strong><br>P\u00fablico em geral: 40 euros<br>Estudantes: 36 euros<br>S\u00f3cios ATTP: 32 euros<br><strong>Coffee breaks e almo\u00e7o inclu\u00eddos no valor de inscri\u00e7\u00e3o.<\/strong> <br><br>Caso pretenda inscrever-se neste 3\u00ba Congresso da ATTP pode faz\u00ea-lo at\u00e9 dia 27 de mar\u00e7o para o e-mail geral.attp@gmail.com ou solicite mais informa\u00e7\u00f5es pelo n\u00famero 925 009\u00a0013.  <br> \u00a0<\/p>\n\n\n\n<figure class=\"wp-block-image\"><img decoding=\"async\" width=\"544\" height=\"1024\" src=\"https:\/\/www.federacao-triatlo.pt\/ftp2015\/wp-content\/uploads\/2019\/03\/PROGRAMA_3\u00baCONGRESSO-544x1024.jpg\" alt=\"\" class=\"wp-image-46161\" srcset=\"https:\/\/www.federacao-triatlo.pt\/ftp2015\/wp-content\/uploads\/2019\/03\/PROGRAMA_3\u00baCONGRESSO-159x300.jpg 159w, https:\/\/www.federacao-triatlo.pt\/ftp2015\/wp-content\/uploads\/2019\/03\/PROGRAMA_3\u00baCONGRESSO-500x941.jpg 500w, https:\/\/www.federacao-triatlo.pt\/ftp2015\/wp-content\/uploads\/2019\/03\/PROGRAMA_3\u00baCONGRESSO-544x1024.jpg 544w, https:\/\/www.federacao-triatlo.pt\/ftp2015\/wp-content\/uploads\/2019\/03\/PROGRAMA_3\u00baCONGRESSO-600x1129.jpg 600w, https:\/\/www.federacao-triatlo.pt\/ftp2015\/wp-content\/uploads\/2019\/03\/PROGRAMA_3\u00baCONGRESSO-768x1445.jpg 768w, https:\/\/www.federacao-triatlo.pt\/ftp2015\/wp-content\/uploads\/2019\/03\/PROGRAMA_3\u00baCONGRESSO.jpg 816w\" sizes=\"(max-width: 544px) 100vw, 544px\" \/><\/figure>\n","protected":false},"excerpt":{"rendered":"<p>No dia 30 de mar\u00e7o ir\u00e1 realizar-se o 3\u00ba Congresso [&hellip;]<\/p>\n","protected":false},"author":8439,"featured_media":46160,"comment_status":"closed","ping_status":"closed","sticky":false,"template":"","format":"standard","meta":{"footnotes":""},"categories":[7,2],"tags":[],"_links":{"self":[{"href":"https:\/\/www.federacao-triatlo.pt\/ftp2015\/wp-json\/wp\/v2\/posts\/46158"}],"collection":[{"href":"https:\/\/www.federacao-triatlo.pt\/ftp2015\/wp-json\/wp\/v2\/posts"}],"about":[{"href":"https:\/\/www.federacao-triatlo.pt\/ftp2015\/wp-json\/wp\/v2\/types\/post"}],"author":[{"embeddable":true,"href":"https:\/\/www.federacao-triatlo.pt\/ftp2015\/wp-json\/wp\/v2\/users\/8439"}],"replies":[{"embeddable":true,"href":"https:\/\/www.federacao-triatlo.pt\/ftp2015\/wp-json\/wp\/v2\/comments?post=46158"}],"version-history":[{"count":0,"href":"https:\/\/www.federacao-triatlo.pt\/ftp2015\/wp-json\/wp\/v2\/posts\/46158\/revisions"}],"wp:featuredmedia":[{"embeddable":true,"href":"https:\/\/www.federacao-triatlo.pt\/ftp2015\/wp-json\/wp\/v2\/media\/46160"}],"wp:attachment":[{"href":"https:\/\/www.federacao-triatlo.pt\/ftp2015\/wp-json\/wp\/v2\/media?parent=46158"}],"wp:term":[{"taxonomy":"category","embeddable":true,"href":"https:\/\/www.federacao-triatlo.pt\/ftp2015\/wp-json\/wp\/v2\/categories?post=46158"},{"taxonomy":"post_tag","embeddable":true,"href":"https:\/\/www.federacao-triatlo.pt\/ftp2015\/wp-json\/wp\/v2\/tags?post=46158"}],"curies":[{"name":"wp","href":"https:\/\/api.w.org\/{rel}","templated":true}]}}