{"id":43876,"date":"2019-01-29T17:11:23","date_gmt":"2019-01-29T17:11:23","guid":{"rendered":"https:\/\/www.federacao-triatlo.pt\/ftp2015\/?p=43876"},"modified":"2019-01-29T17:11:23","modified_gmt":"2019-01-29T17:11:23","slug":"formacao-em-classificacoes","status":"publish","type":"post","link":"https:\/\/www.federacao-triatlo.pt\/ftp2015\/formacao-em-classificacoes\/","title":{"rendered":"Forma\u00e7\u00e3o em Classifica\u00e7\u00f5es"},"content":{"rendered":"<p><strong>A FTP ir\u00e1 promover uma forma\u00e7\u00e3o gratuita em Classifica\u00e7\u00f5es em Lisboa a 10 de fevereiro.<\/strong><br \/>\n<!--more-->\u00c9 j\u00e1 no dia 10 de fevereiro, \u00e0s 14h, que se ir\u00e1 realizar uma forma\u00e7\u00e3o em Classifica\u00e7\u00f5es de Provas organizada pela Federa\u00e7\u00e3o de Triatlo de Portugal. A forma\u00e7\u00e3o ir\u00e1 decorrer na Pista de Atletismo Municipal Prof. Moniz Pereira.<\/p>\n<p>A forma\u00e7\u00e3o ter\u00e1 uma componente te\u00f3rica e pr\u00e1tica, esta \u00faltima dada na pista.<\/p>\n<p>A inscri\u00e7\u00e3o \u00e9 gratuita, mas \u00e9 obrigat\u00f3ria.<\/p>\n<p>Pode obter mais informa\u00e7\u00f5es e inscrever-se atrav\u00e9s do e-mail: joao.costa@federacao-triatlo.pt<\/p>\n","protected":false},"excerpt":{"rendered":"<p>A FTP ir\u00e1 promover uma forma\u00e7\u00e3o gratuita em Classifica\u00e7\u00f5es em [&hellip;]<\/p>\n","protected":false},"author":8439,"featured_media":43877,"comment_status":"closed","ping_status":"closed","sticky":false,"template":"","format":"standard","meta":{"footnotes":""},"categories":[7,2],"tags":[],"_links":{"self":[{"href":"https:\/\/www.federacao-triatlo.pt\/ftp2015\/wp-json\/wp\/v2\/posts\/43876"}],"collection":[{"href":"https:\/\/www.federacao-triatlo.pt\/ftp2015\/wp-json\/wp\/v2\/posts"}],"about":[{"href":"https:\/\/www.federacao-triatlo.pt\/ftp2015\/wp-json\/wp\/v2\/types\/post"}],"author":[{"embeddable":true,"href":"https:\/\/www.federacao-triatlo.pt\/ftp2015\/wp-json\/wp\/v2\/users\/8439"}],"replies":[{"embeddable":true,"href":"https:\/\/www.federacao-triatlo.pt\/ftp2015\/wp-json\/wp\/v2\/comments?post=43876"}],"version-history":[{"count":0,"href":"https:\/\/www.federacao-triatlo.pt\/ftp2015\/wp-json\/wp\/v2\/posts\/43876\/revisions"}],"wp:featuredmedia":[{"embeddable":true,"href":"https:\/\/www.federacao-triatlo.pt\/ftp2015\/wp-json\/wp\/v2\/media\/43877"}],"wp:attachment":[{"href":"https:\/\/www.federacao-triatlo.pt\/ftp2015\/wp-json\/wp\/v2\/media?parent=43876"}],"wp:term":[{"taxonomy":"category","embeddable":true,"href":"https:\/\/www.federacao-triatlo.pt\/ftp2015\/wp-json\/wp\/v2\/categories?post=43876"},{"taxonomy":"post_tag","embeddable":true,"href":"https:\/\/www.federacao-triatlo.pt\/ftp2015\/wp-json\/wp\/v2\/tags?post=43876"}],"curies":[{"name":"wp","href":"https:\/\/api.w.org\/{rel}","templated":true}]}}