{"id":41651,"date":"2018-11-29T10:47:29","date_gmt":"2018-11-29T10:47:29","guid":{"rendered":"https:\/\/www.federacao-triatlo.pt\/ftp2015\/?page_id=41651"},"modified":"2019-03-30T20:24:44","modified_gmt":"2019-03-30T20:24:44","slug":"funchal-2019","status":"publish","type":"post","link":"https:\/\/www.federacao-triatlo.pt\/ftp2015\/funchal-2019\/","title":{"rendered":"Funchal 2019"},"content":{"rendered":"<p class=\"p1\"><span class=\"s1\"><b>Funchal 2019<\/b><\/span><\/p>\n<p class=\"p3\"><span class=\"s1\">A Ta\u00e7a do Mundo de Paratriatlo, no Funchal, foi um marco hist\u00f3rico, em 2018, pela primeira organiza\u00e7\u00e3o de uma prova internacional de Paratriatlo, em Portugal.<\/span><\/p>\n<p class=\"p3\"><span class=\"s1\">A presen\u00e7a de seis triatletas portuguesas foi consequentemente tamb\u00e9m dos maiores motivos de orgulho!<\/span><\/p>\n<p class=\"p4\"><span class=\"s2\">Reveja <a href=\"https:\/\/www.federacao-triatlo.pt\/ftp2015\/taca-do-mundo-de-paratriatlo-realizou-se-no-funchal\/\">Aqui<\/a>\u00a0os melhores momentos.<\/span><\/p>\n<p><a href=\"https:\/\/www.federacao-triatlo.pt\/ftp2015\/wp-content\/uploads\/2018\/11\/Abertura_o-1.jpg\"><img decoding=\"async\" class=\" wp-image-41678 alignnone\" src=\"https:\/\/www.federacao-triatlo.pt\/ftp2015\/wp-content\/uploads\/2018\/11\/Abertura_o-1-300x200.jpg\" alt=\"\" width=\"284\" height=\"189\" srcset=\"https:\/\/www.federacao-triatlo.pt\/ftp2015\/wp-content\/uploads\/2018\/11\/Abertura_o-1-300x200.jpg 300w, https:\/\/www.federacao-triatlo.pt\/ftp2015\/wp-content\/uploads\/2018\/11\/Abertura_o-1-500x334.jpg 500w, https:\/\/www.federacao-triatlo.pt\/ftp2015\/wp-content\/uploads\/2018\/11\/Abertura_o-1-600x400.jpg 600w, https:\/\/www.federacao-triatlo.pt\/ftp2015\/wp-content\/uploads\/2018\/11\/Abertura_o-1-768x513.jpg 768w, https:\/\/www.federacao-triatlo.pt\/ftp2015\/wp-content\/uploads\/2018\/11\/Abertura_o-1-1024x684.jpg 1024w\" sizes=\"(max-width: 284px) 100vw, 284px\" \/><\/a><\/p>\n<p class=\"p3\"><span class=\"s1\">A segunda edi\u00e7\u00e3o da Ta\u00e7a do Mundo de Paratriatlo, no Funchal, j\u00e1 se encontra confirmada para as datas de 19 e 20 de outubro de 2019.<\/span><\/p>\n<p class=\"p3\"><span class=\"s1\">Mais informa\u00e7\u00f5es: <\/span><\/p>\n<p class=\"p4\"><span class=\"s4\"><a href=\"https:\/\/www.triathlon.org\/events\/event\/2019_funchal_itu_paratriathlon_world_cup\">https:\/\/www.triathlon.org\/events\/event\/2019_funchal_itu_paratriathlon_world_cup<\/a><\/span><\/p>\n","protected":false},"excerpt":{"rendered":"<p>Funchal 2019 A Ta\u00e7a do Mundo de Paratriatlo, no Funchal, [&hellip;]<\/p>\n","protected":false},"author":10002,"featured_media":0,"comment_status":"closed","ping_status":"closed","sticky":false,"template":"","format":"standard","meta":{"footnotes":""},"categories":[],"tags":[],"_links":{"self":[{"href":"https:\/\/www.federacao-triatlo.pt\/ftp2015\/wp-json\/wp\/v2\/posts\/41651"}],"collection":[{"href":"https:\/\/www.federacao-triatlo.pt\/ftp2015\/wp-json\/wp\/v2\/posts"}],"about":[{"href":"https:\/\/www.federacao-triatlo.pt\/ftp2015\/wp-json\/wp\/v2\/types\/post"}],"author":[{"embeddable":true,"href":"https:\/\/www.federacao-triatlo.pt\/ftp2015\/wp-json\/wp\/v2\/users\/10002"}],"replies":[{"embeddable":true,"href":"https:\/\/www.federacao-triatlo.pt\/ftp2015\/wp-json\/wp\/v2\/comments?post=41651"}],"version-history":[{"count":0,"href":"https:\/\/www.federacao-triatlo.pt\/ftp2015\/wp-json\/wp\/v2\/posts\/41651\/revisions"}],"wp:attachment":[{"href":"https:\/\/www.federacao-triatlo.pt\/ftp2015\/wp-json\/wp\/v2\/media?parent=41651"}],"wp:term":[{"taxonomy":"category","embeddable":true,"href":"https:\/\/www.federacao-triatlo.pt\/ftp2015\/wp-json\/wp\/v2\/categories?post=41651"},{"taxonomy":"post_tag","embeddable":true,"href":"https:\/\/www.federacao-triatlo.pt\/ftp2015\/wp-json\/wp\/v2\/tags?post=41651"}],"curies":[{"name":"wp","href":"https:\/\/api.w.org\/{rel}","templated":true}]}}