{"id":35523,"date":"2018-05-04T17:15:13","date_gmt":"2018-05-04T17:15:13","guid":{"rendered":"https:\/\/www.federacao-triatlo.pt\/ftp2015\/?p=35523"},"modified":"2019-02-07T11:34:28","modified_gmt":"2019-02-07T11:34:28","slug":"onda-e-ftp-criam-fatos-para-os-campeoes-nacionais-absolutos","status":"publish","type":"post","link":"https:\/\/www.federacao-triatlo.pt\/ftp2015\/onda-e-ftp-criam-fatos-para-os-campeoes-nacionais-absolutos\/","title":{"rendered":"ONDA e FTP criam fatos para os Campe\u00f5es Nacionais Absolutos"},"content":{"rendered":"<p><strong>Federa\u00e7\u00e3o de Triatlo de Portugal e a marca Onda criam fatos para os Campe\u00f5es Nacionais Absolutos<br \/>\n<\/strong><!--more--><\/p>\n<p>A Federa\u00e7\u00e3o de Triatlo de Portugal, no \u00e2mbito da sua parceria com a conhecida marca portuguesa Onda, desenhou fatos espec\u00edficos para os Campe\u00f5es Nacionais Absolutos, que ser\u00e3o usados pelos mesmos atletas nas respetivas provas. Para a FTP este \u00e9 mais um passo importante para reconhecer o empenho e trabalho dos campe\u00f5es das modalidades de Triatlo, Duatlo e Aquatlo prestigiando o esfor\u00e7o dos atletas na conquista dos t\u00edtulos.<\/p>\n<p>\u00c9 por isso com satisfa\u00e7\u00e3o que divulgamos que os Campe\u00f5es Nacionais de Duatlo Ana Filipa Santos e Jo\u00e3o Ferreira, e os Campe\u00f5es Nacionais de Aquatlo Ana Ramos e Jos\u00e9 Vieira j\u00e1 receberam os respetivos equipamentos desta categoria e no dia 6 de maio ir\u00e3o ser conhecidos no VIII \u00a0 Duatlo de Famalic\u00e3o os Campe\u00f5es Nacionais Absolutos de Duatlo de BTT em titulo, que ter\u00e3o, evidentemente, direito aos mesmos equipamentos.<\/p>\n<h3><\/h3>\n<h3><\/h3>\n<h3><\/h3>\n<h3>Como habitual, a utiliza\u00e7\u00e3o dos equipamentos deve estar de acordo com as regras de uso que constam no regulamento que pode consultar\u00a0\u00a0<a href=\"\/Users\/icosta\/Downloads\/Reg-Equipamento-campe%C3%A3o-Nacional.pdf\">aqui <\/a><\/h3>\n<p>&nbsp;<\/p>\n<p>&nbsp;<\/p>\n","protected":false},"excerpt":{"rendered":"<p>Federa\u00e7\u00e3o de Triatlo de Portugal e a marca Onda criam [&hellip;]<\/p>\n","protected":false},"author":8439,"featured_media":35525,"comment_status":"closed","ping_status":"closed","sticky":false,"template":"","format":"standard","meta":{"footnotes":""},"categories":[2],"tags":[],"_links":{"self":[{"href":"https:\/\/www.federacao-triatlo.pt\/ftp2015\/wp-json\/wp\/v2\/posts\/35523"}],"collection":[{"href":"https:\/\/www.federacao-triatlo.pt\/ftp2015\/wp-json\/wp\/v2\/posts"}],"about":[{"href":"https:\/\/www.federacao-triatlo.pt\/ftp2015\/wp-json\/wp\/v2\/types\/post"}],"author":[{"embeddable":true,"href":"https:\/\/www.federacao-triatlo.pt\/ftp2015\/wp-json\/wp\/v2\/users\/8439"}],"replies":[{"embeddable":true,"href":"https:\/\/www.federacao-triatlo.pt\/ftp2015\/wp-json\/wp\/v2\/comments?post=35523"}],"version-history":[{"count":0,"href":"https:\/\/www.federacao-triatlo.pt\/ftp2015\/wp-json\/wp\/v2\/posts\/35523\/revisions"}],"wp:featuredmedia":[{"embeddable":true,"href":"https:\/\/www.federacao-triatlo.pt\/ftp2015\/wp-json\/wp\/v2\/media\/35525"}],"wp:attachment":[{"href":"https:\/\/www.federacao-triatlo.pt\/ftp2015\/wp-json\/wp\/v2\/media?parent=35523"}],"wp:term":[{"taxonomy":"category","embeddable":true,"href":"https:\/\/www.federacao-triatlo.pt\/ftp2015\/wp-json\/wp\/v2\/categories?post=35523"},{"taxonomy":"post_tag","embeddable":true,"href":"https:\/\/www.federacao-triatlo.pt\/ftp2015\/wp-json\/wp\/v2\/tags?post=35523"}],"curies":[{"name":"wp","href":"https:\/\/api.w.org\/{rel}","templated":true}]}}