{"id":32368,"date":"2018-03-08T16:24:00","date_gmt":"2018-03-08T16:24:00","guid":{"rendered":"https:\/\/www.federacao-triatlo.pt\/ftp2015\/?p=32368"},"modified":"2018-03-08T16:24:00","modified_gmt":"2018-03-08T16:24:00","slug":"grupos-de-idade-que-pretendem-competir-fora","status":"publish","type":"post","link":"https:\/\/www.federacao-triatlo.pt\/ftp2015\/grupos-de-idade-que-pretendem-competir-fora\/","title":{"rendered":"Grupos de idade que pretendem competir fora"},"content":{"rendered":"<h3><strong>Se faz parte dos grupos de idade e quer competir fora preencha este formul\u00e1rio!<\/strong><\/h3>\n<p><!--more--><\/p>\n<h3>Todos os triatletas de grupos de idade que pretendam participar em Campeonatos da Europa e Campeonatos do Mundo poder\u00e3o preencher <a href=\"https:\/\/www.federacao-triatlo.pt\/ftp2015\/formulario-age-group-2018\/\">este formul\u00e1rio de inten\u00e7\u00e3o<\/a> de participa\u00e7\u00e3o at\u00e9 ao dia 18 de mar\u00e7o.<\/h3>\n<p>Desta forma, e tendo em conta a previs\u00e3o do n\u00famero de atletas que est\u00e1 a equacionar competir fora, a FTP ir\u00e1 analisar pacotes de viagens e apoios para providenciar as melhores condi\u00e7\u00f5es aos triatletas.<\/p>\n<p>O preenchimento do formul\u00e1rio \u00e9 apenas para registo da inten\u00e7\u00e3o do atleta, que posteriormente ir\u00e1 receber um e-mail para o informar sobre os passos a efetuar para concretizar a sua inscri\u00e7\u00e3o, caso ainda pretenda faz\u00ea-lo.<\/p>\n<p>O regulamento de participa\u00e7\u00e3o internacional ser\u00e1 muito semelhante ao de 2017, mas ainda n\u00e3o se encontra publicado por ainda n\u00e3o estar totalmente conclu\u00edda a sua elabora\u00e7\u00e3o.<\/p>\n<p>Se estiver a ponderar a competi\u00e7\u00e3o internacional e representar as cores portuguesas, n\u00e3o perca a oportunidade de se inscrever com melhores condi\u00e7\u00f5es!<\/p>\n<h2>Obrigado, bons treinos e melhores provas para todos os triatletas!<\/h2>\n<p>&nbsp;<\/p>\n<p>&nbsp;<\/p>\n<p>&nbsp;<\/p>\n","protected":false},"excerpt":{"rendered":"<p>Se faz parte dos grupos de idade e quer competir [&hellip;]<\/p>\n","protected":false},"author":8439,"featured_media":32369,"comment_status":"closed","ping_status":"closed","sticky":false,"template":"","format":"standard","meta":{"footnotes":""},"categories":[335],"tags":[],"_links":{"self":[{"href":"https:\/\/www.federacao-triatlo.pt\/ftp2015\/wp-json\/wp\/v2\/posts\/32368"}],"collection":[{"href":"https:\/\/www.federacao-triatlo.pt\/ftp2015\/wp-json\/wp\/v2\/posts"}],"about":[{"href":"https:\/\/www.federacao-triatlo.pt\/ftp2015\/wp-json\/wp\/v2\/types\/post"}],"author":[{"embeddable":true,"href":"https:\/\/www.federacao-triatlo.pt\/ftp2015\/wp-json\/wp\/v2\/users\/8439"}],"replies":[{"embeddable":true,"href":"https:\/\/www.federacao-triatlo.pt\/ftp2015\/wp-json\/wp\/v2\/comments?post=32368"}],"version-history":[{"count":0,"href":"https:\/\/www.federacao-triatlo.pt\/ftp2015\/wp-json\/wp\/v2\/posts\/32368\/revisions"}],"wp:featuredmedia":[{"embeddable":true,"href":"https:\/\/www.federacao-triatlo.pt\/ftp2015\/wp-json\/wp\/v2\/media\/32369"}],"wp:attachment":[{"href":"https:\/\/www.federacao-triatlo.pt\/ftp2015\/wp-json\/wp\/v2\/media?parent=32368"}],"wp:term":[{"taxonomy":"category","embeddable":true,"href":"https:\/\/www.federacao-triatlo.pt\/ftp2015\/wp-json\/wp\/v2\/categories?post=32368"},{"taxonomy":"post_tag","embeddable":true,"href":"https:\/\/www.federacao-triatlo.pt\/ftp2015\/wp-json\/wp\/v2\/tags?post=32368"}],"curies":[{"name":"wp","href":"https:\/\/api.w.org\/{rel}","templated":true}]}}