{"id":26283,"date":"2017-08-16T14:03:47","date_gmt":"2017-08-16T14:03:47","guid":{"rendered":"https:\/\/www.federacao-triatlo.pt\/ftp2015\/?p=26283"},"modified":"2017-08-16T14:03:47","modified_gmt":"2017-08-16T14:03:47","slug":"filipe-baptista-3o-em-hamburgo","status":"publish","type":"post","link":"https:\/\/www.federacao-triatlo.pt\/ftp2015\/filipe-baptista-3o-em-hamburgo\/","title":{"rendered":"Filipe Baptista 3\u00ba em Hamburgo"},"content":{"rendered":"<p>Foi no passado Domingo que Filipe Baptista se classificou no terceiro posto no Ironman Hamburgo.<\/p>\n<p>Filipe Baptista, do Grupo de Idade 18-24, levou 10h06min a completar a sua prova, mais 28 minutos que o vencedor do seu escal\u00e3o, o alem\u00e3o Paul Sammers.<\/p>\n<p>Al\u00e9m de Filipe Baptista, Portugal teve representado por 30 triatletas onde o mais r\u00e1pido foi Marco Vieira que na sua estreia levou 9h47min para completar os 3.8km de nata\u00e7\u00e3o, 180km de ciclismo e 42km de corrida.<\/p>\n<p>No sector feminino, a melhor atleta lusa foi Teresa Cardoso que completou a competi\u00e7\u00e3o em 11h04min.<\/p>\n<p>A prova que foi marcada pela constante chuva, foi ganha pelo sul africano, James Cunnama (8h00) e no sector feminino, a alem\u00e3 Daniela S\u00e4mmler foi a grande vencedora (9h07).<\/p>\n<p>&nbsp;<\/p>\n<p>A enorme participa\u00e7\u00e3o Portuguesa neste evento demonstra mais uma vez o crescimento que a Longa Dist\u00e2ncia tem tido em Portugal.<\/p>\n<p>&nbsp;<\/p>\n<p>A Federa\u00e7\u00e3o de Triatlo de Portugal congratula todos os participantes que com o seu esfor\u00e7o representaram da melhor forma o Triatlo Portugu\u00eas.<\/p>\n<p>&nbsp;<\/p>\n<p>Foto: Sporting Clube de Espinho<\/p>\n","protected":false},"excerpt":{"rendered":"<p>Foi no passado Domingo que Filipe Baptista se classificou no [&hellip;]<\/p>\n","protected":false},"author":6506,"featured_media":26285,"comment_status":"closed","ping_status":"closed","sticky":false,"template":"","format":"standard","meta":{"footnotes":""},"categories":[335,2],"tags":[],"_links":{"self":[{"href":"https:\/\/www.federacao-triatlo.pt\/ftp2015\/wp-json\/wp\/v2\/posts\/26283"}],"collection":[{"href":"https:\/\/www.federacao-triatlo.pt\/ftp2015\/wp-json\/wp\/v2\/posts"}],"about":[{"href":"https:\/\/www.federacao-triatlo.pt\/ftp2015\/wp-json\/wp\/v2\/types\/post"}],"author":[{"embeddable":true,"href":"https:\/\/www.federacao-triatlo.pt\/ftp2015\/wp-json\/wp\/v2\/users\/6506"}],"replies":[{"embeddable":true,"href":"https:\/\/www.federacao-triatlo.pt\/ftp2015\/wp-json\/wp\/v2\/comments?post=26283"}],"version-history":[{"count":0,"href":"https:\/\/www.federacao-triatlo.pt\/ftp2015\/wp-json\/wp\/v2\/posts\/26283\/revisions"}],"wp:featuredmedia":[{"embeddable":true,"href":"https:\/\/www.federacao-triatlo.pt\/ftp2015\/wp-json\/wp\/v2\/media\/26285"}],"wp:attachment":[{"href":"https:\/\/www.federacao-triatlo.pt\/ftp2015\/wp-json\/wp\/v2\/media?parent=26283"}],"wp:term":[{"taxonomy":"category","embeddable":true,"href":"https:\/\/www.federacao-triatlo.pt\/ftp2015\/wp-json\/wp\/v2\/categories?post=26283"},{"taxonomy":"post_tag","embeddable":true,"href":"https:\/\/www.federacao-triatlo.pt\/ftp2015\/wp-json\/wp\/v2\/tags?post=26283"}],"curies":[{"name":"wp","href":"https:\/\/api.w.org\/{rel}","templated":true}]}}