{"id":26211,"date":"2017-08-11T18:43:50","date_gmt":"2017-08-11T18:43:50","guid":{"rendered":"https:\/\/www.federacao-triatlo.pt\/ftp2015\/?p=26211"},"modified":"2017-08-11T18:43:50","modified_gmt":"2017-08-11T18:43:50","slug":"hamburgo-recebe-enchente-portuguesa","status":"publish","type":"post","link":"https:\/\/www.federacao-triatlo.pt\/ftp2015\/hamburgo-recebe-enchente-portuguesa\/","title":{"rendered":"Hamburgo recebe enchente Portuguesa"},"content":{"rendered":"<p>\u00c9 j\u00e1 neste Domingo que Hamburgo, Alemanha, recebe mais uma etapa do circuito Ironman. Neste evento, Portugal estar\u00e1 representado por quase 40 atletas confirmado a elevada aflu\u00eancia que esta dist\u00e2ncia tem tido nos \u00faltimos anos em Portugal, esta participa\u00e7\u00e3o vem mais uma vez demonstrar que o Triatlo Longo tem ganho cada vez mais adeptos portugueses que v\u00e3o elevando o nome do Pa\u00eds pelos mais diversos cantos do mundo.<\/p>\n<p>&nbsp;<\/p>\n<p>\u00c9 a primeira vez que Hamburgo recebe este evento, apesar de j\u00e1 ter habituado os aficionados do Triatlo a v\u00e1rias etapas do Campeonato Mundial da dist\u00e2ncia Standard, este \u00e9 o primeiro ano em que a cidade alem\u00e3 abra\u00e7a a dist\u00e2ncia m\u00edtica de 3.8km de nata\u00e7\u00e3o, 180km de ciclismo e 42.2km de corrida.<\/p>\n<p>Na competi\u00e7\u00e3o masculina, estar\u00e3o alguns dos nomes mais importantes da dist\u00e2ncia tais como o Sul Africano James Cunnama e o Alem\u00e3o Michael Raelert que certamente tentar\u00e3o reservar o seu passe para o Campeonato do Mundo de Ironman a realizar no Havai.<\/p>\n<p>&nbsp;<\/p>\n<p>No sector feminino, a experiente\u00a0Eva Wutti (vencedora Ironman Copenhaga 2015) ir\u00e1 contar com alguma concorr\u00eancia para os lugares mais cimeiros do p\u00f3dio.<\/p>\n<p>&nbsp;<\/p>\n<p>Relativamente aos atletas Portugueses, poder\u00e1 consultar abaixo a lista dos inscritos e aproveitar para lhes transmitir o seu apoio:<\/p>\n<p>Alexandre Almeida<br \/>\nAlexandre Barbosa<br \/>\nJorge Caldeira<br \/>\nRaul Campos<br \/>\nTeresa Cardoso<br \/>\nRicardo Carvalho<br \/>\nMaria do C\u00e9u Coelho<br \/>\nMicael de S\u00e1 Fernandes<br \/>\nAnt\u00f3nio Dias<br \/>\nCarlos Dias<br \/>\nNuno Fernandes<br \/>\nRui Ferreira<br \/>\nM\u00e1rio Freixo<br \/>\nFernando Gomes<br \/>\nJo\u00e3o Gon\u00e7alves<br \/>\nS\u00e9rgio Magalh\u00e3es<br \/>\nJos\u00e9 Manta<br \/>\nEl\u00e1dio Manuel<br \/>\nAnt\u00f3nio Martinho<br \/>\nPaulo Martins<br \/>\nRui Martins<br \/>\nFilipe Batista<br \/>\nJo\u00e3o Matos<br \/>\nF\u00e1bio Mendes<br \/>\nJosu\u00e9 Oliveira<br \/>\nRui Pedras<br \/>\nJo\u00e3o Prelhaz<br \/>\nFernando Ribeiro<br \/>\nCarlos Rocha<br \/>\nVictor S\u00e1<br \/>\nFernando Salvador<br \/>\nFernando Socorro<br \/>\nGon\u00e7alo Sousa<br \/>\nJo\u00e3o Tavares<br \/>\nMarco Vieira<\/p>\n<p>A Federa\u00e7\u00e3o de Triatlo de Portugal deseja a todos os participantes boa sorte e um dia cheio de boas emo\u00e7\u00f5es.<\/p>\n<p>&nbsp;<\/p>\n<p>&nbsp;<\/p>\n<p>&nbsp;<\/p>\n","protected":false},"excerpt":{"rendered":"<p>\u00c9 j\u00e1 neste Domingo que Hamburgo, Alemanha, recebe mais uma [&hellip;]<\/p>\n","protected":false},"author":6506,"featured_media":26212,"comment_status":"closed","ping_status":"closed","sticky":false,"template":"","format":"standard","meta":{"footnotes":""},"categories":[335,2],"tags":[],"_links":{"self":[{"href":"https:\/\/www.federacao-triatlo.pt\/ftp2015\/wp-json\/wp\/v2\/posts\/26211"}],"collection":[{"href":"https:\/\/www.federacao-triatlo.pt\/ftp2015\/wp-json\/wp\/v2\/posts"}],"about":[{"href":"https:\/\/www.federacao-triatlo.pt\/ftp2015\/wp-json\/wp\/v2\/types\/post"}],"author":[{"embeddable":true,"href":"https:\/\/www.federacao-triatlo.pt\/ftp2015\/wp-json\/wp\/v2\/users\/6506"}],"replies":[{"embeddable":true,"href":"https:\/\/www.federacao-triatlo.pt\/ftp2015\/wp-json\/wp\/v2\/comments?post=26211"}],"version-history":[{"count":0,"href":"https:\/\/www.federacao-triatlo.pt\/ftp2015\/wp-json\/wp\/v2\/posts\/26211\/revisions"}],"wp:featuredmedia":[{"embeddable":true,"href":"https:\/\/www.federacao-triatlo.pt\/ftp2015\/wp-json\/wp\/v2\/media\/26212"}],"wp:attachment":[{"href":"https:\/\/www.federacao-triatlo.pt\/ftp2015\/wp-json\/wp\/v2\/media?parent=26211"}],"wp:term":[{"taxonomy":"category","embeddable":true,"href":"https:\/\/www.federacao-triatlo.pt\/ftp2015\/wp-json\/wp\/v2\/categories?post=26211"},{"taxonomy":"post_tag","embeddable":true,"href":"https:\/\/www.federacao-triatlo.pt\/ftp2015\/wp-json\/wp\/v2\/tags?post=26211"}],"curies":[{"name":"wp","href":"https:\/\/api.w.org\/{rel}","templated":true}]}}