{"id":25893,"date":"2017-07-26T16:17:20","date_gmt":"2017-07-26T16:17:20","guid":{"rendered":"https:\/\/www.federacao-triatlo.pt\/ftp2015\/?p=25893"},"modified":"2017-07-26T16:39:34","modified_gmt":"2017-07-26T16:39:34","slug":"kmzero-um-tratlo-para-todos","status":"publish","type":"post","link":"https:\/\/www.federacao-triatlo.pt\/ftp2015\/kmzero-um-tratlo-para-todos\/","title":{"rendered":"KmZero, um Triatlo para todos"},"content":{"rendered":"<p>Realizou-se no passado dia 22 de Julho o Triatlo KMZero, uma organiza\u00e7\u00e3o conjunta de Pedro Brand\u00e3o, Marco Silva, Pedro Ferreira (Rios e Trilhos \/ DouroAcademy) e com a colabora\u00e7\u00e3o da Douro Marina .<\/p>\n<p>Este evento realizado na Douro Marina, contou com a participa\u00e7\u00e3o de cerca de 50 pessoas, muitos deles estreantes na modalidade. Nas dist\u00e2ncias de 1km de Nata\u00e7\u00e3o, 30 de Ciclismo e 7,5 de Corrida, os quase 50 estreantes passaram um bom momento de conv\u00edvio e foram os pioneiros de uma s\u00e9rie de iniciativas que visam dar a conhecer o Triatlo como um Desporto para Todos e dinamizar a modalidade no Norte do Pa\u00eds.<\/p>\n<p>&nbsp;<\/p>\n<p>O evento foi de cariz l\u00fadico com o objectivo de promover a inicia\u00e7\u00e3o ao Triatlo. A Douro Marina como parceira deste evento, proporcionou condi\u00e7\u00f5es de excel\u00eancia para que este conv\u00edvio tenha corrido da melhor forma e que certamente trar\u00e1 frutos para o Triatlo no Norte e Portugal.<\/p>\n<p>&nbsp;<\/p>\n<p>A Federa\u00e7\u00e3o de Triatlo de Portugal agradece o empenho e a dedica\u00e7\u00e3o dos organizadores que no bom esp\u00edrito Triatl\u00e9tico mostram o que de melhor existe na nossa modalidade.<\/p>\n","protected":false},"excerpt":{"rendered":"<p>Realizou-se no passado dia 22 de Julho o Triatlo KMZero, [&hellip;]<\/p>\n","protected":false},"author":6506,"featured_media":25894,"comment_status":"closed","ping_status":"closed","sticky":false,"template":"","format":"standard","meta":{"footnotes":""},"categories":[335,2],"tags":[],"_links":{"self":[{"href":"https:\/\/www.federacao-triatlo.pt\/ftp2015\/wp-json\/wp\/v2\/posts\/25893"}],"collection":[{"href":"https:\/\/www.federacao-triatlo.pt\/ftp2015\/wp-json\/wp\/v2\/posts"}],"about":[{"href":"https:\/\/www.federacao-triatlo.pt\/ftp2015\/wp-json\/wp\/v2\/types\/post"}],"author":[{"embeddable":true,"href":"https:\/\/www.federacao-triatlo.pt\/ftp2015\/wp-json\/wp\/v2\/users\/6506"}],"replies":[{"embeddable":true,"href":"https:\/\/www.federacao-triatlo.pt\/ftp2015\/wp-json\/wp\/v2\/comments?post=25893"}],"version-history":[{"count":0,"href":"https:\/\/www.federacao-triatlo.pt\/ftp2015\/wp-json\/wp\/v2\/posts\/25893\/revisions"}],"wp:featuredmedia":[{"embeddable":true,"href":"https:\/\/www.federacao-triatlo.pt\/ftp2015\/wp-json\/wp\/v2\/media\/25894"}],"wp:attachment":[{"href":"https:\/\/www.federacao-triatlo.pt\/ftp2015\/wp-json\/wp\/v2\/media?parent=25893"}],"wp:term":[{"taxonomy":"category","embeddable":true,"href":"https:\/\/www.federacao-triatlo.pt\/ftp2015\/wp-json\/wp\/v2\/categories?post=25893"},{"taxonomy":"post_tag","embeddable":true,"href":"https:\/\/www.federacao-triatlo.pt\/ftp2015\/wp-json\/wp\/v2\/tags?post=25893"}],"curies":[{"name":"wp","href":"https:\/\/api.w.org\/{rel}","templated":true}]}}