{"id":24955,"date":"2017-07-09T22:16:36","date_gmt":"2017-07-09T22:16:36","guid":{"rendered":"https:\/\/www.federacao-triatlo.pt\/ftp2015\/?p=24955"},"modified":"2017-07-18T10:04:32","modified_gmt":"2017-07-18T10:04:32","slug":"24955-2","status":"publish","type":"post","link":"https:\/\/www.federacao-triatlo.pt\/ftp2015\/24955-2\/","title":{"rendered":"DATEV Challenge Roth"},"content":{"rendered":"<p>&nbsp;<\/p>\n<p>Realizou-se hoje em Roth, na Baviera alem\u00e3, aquele que \u00e9 considerado um dos melhores Triatlos de Longa Dist\u00e2ncia do Mundo. A prova que \u00e9 caracterizada pela imensid\u00e3o de gente que sai para apoiar os atletas, n\u00e3o passou indiferente aos Triatletas Portugueses que neste fim de semana fizeram quest\u00e3o de marcar presen\u00e7a e mostrar que Portugal tamb\u00e9m tem uma palavra a dizer nestas dist\u00e2ncias.<\/p>\n<p>A prova come\u00e7ou bem cedo com a partida dos Profissionais Masculinos \u00e0s 6h30 locais (menos uma hora em Portugal). Entre a Elite Mundial, Portugal fez-se representar por Jos\u00e9 Estrangeiro, S\u00e9rgio Marques e Rafael Gomes, todos eles atletas experientes nas lides do Triatlo de Longa Dist\u00e2ncia.<\/p>\n<p>O primeiro atleta a completar o segmento de Nata\u00e7\u00e3o foi o sueco Anton Lagerb\u00e4ck com o tempo de 44 minutos e 49 segundos, Jos\u00e9 Estrangeiro, o primeiro Portugu\u00eas a completar este segmento, sairia com pouco mais de 52 minutos no encalce do primeiro grupo, S\u00e9rgio Marques viria a completar este segmento com 55 minutos e 20 segundos e Rafael Gomes sa\u00eda a cerca de 2 minutos de S\u00e9rgio Marques.<\/p>\n<p>No sector feminino, Portugal fazia-se representar na categoria de Elite pela j\u00e1 experiente Vanessa Pereira. A sui\u00e7a Daniela Ryf assumia desde cedo a frente da corrida ao completar o sector de nata\u00e7\u00e3o de 3.8km com o tempo de 52 minutos e 34 segundos, Vanessa Pereira viria a completar o mesmo percurso com 1 hora e 5 minutos<\/p>\n<p>Durante o sector de ciclismo, Jos\u00e9 Estrangeiro viria a ter alguns problemas mec\u00e2nicos que o atrasaram em rela\u00e7\u00e3o ao grupo da lideran\u00e7a, S\u00e9rgio Marques viria a fazer os 180km num tempo excelente de 4h37 iniciando o segmento de corrida bem perto dos dez lugares cimeiros.<\/p>\n<p>Durante o percurso de atletismo composto pela dist\u00e2ncia m\u00edtica da maratona, Jos\u00e9 Estrangeiro viria a recuperar alguns lugares perdidos durante o ciclismo e com um excelente tempo de 2h56 neste segmento, viria a completar a prova em 8 horas 43 minutos terminando no 19\u00ba posto, S\u00e9rgio Marques que se ressentiu de uma les\u00e3o, viria a ser o segundo Portugu\u00eas a completar a prova com o tempo de 9 horas classificando-se na 40\u00aa posi\u00e7\u00e3o e Rafael Gomes completava a sua prova com 9 horas e 35 minutos no 138\u00ba lugar, a prova masculina viria a ser ganha pelo belga Bart Aernous (7h59) seguido do brit\u00e2nico Joe Skipper (8h03) e do alem\u00e3o Maurice Clavel (8h04).<\/p>\n<p>Vanessa Pereira que se manteve bastante consistente durante toda a competi\u00e7\u00e3o, terminou a prova na 11\u00aa posi\u00e7\u00e3o, com o tempo de 9 horas e 50 minutos. Daniela Ryf que se apresentava em competi\u00e7\u00e3o com o objectivo n\u00e3o s\u00f3 da vit\u00f3ria mas tamb\u00e9m de tentativa de recorde mundial da dist\u00e2ncia, completaria a prova em 8 horas e 40 minutos seguida da brit\u00e2nica, Laura Siddal (8h51) e da americana Lisa Roberts (8h57).<\/p>\n<p>Mas nem s\u00f3 de Elites \u00e9 feito o Challenge Roth, esta m\u00edtica prova junta aproximadamente 5000 atletas, sendo a sua maioria Age Groups. Portugal fez-se representar por 38 atletas Age Groups tendo sido Jo\u00e3o Fulg\u00eancio o melhor atleta Age Group portugu\u00eas em prova com o tempo de 9h53, alcan\u00e7ando a 48\u00aa posi\u00e7\u00e3o no seu Age Group, Nuno Vieira com 10h02 era o segundo melhor portugu\u00eas e 61\u00ba no seu Age Group e Ricardo Cordeiro era o terceiro melhor tempo entre os portugueses com 10h28, alcan\u00e7ando a 111\u00aa posi\u00e7\u00e3o do seu escal\u00e3o.<\/p>\n<p>Aos restantes atletas que t\u00e3o bem representaram o Triatlo Longo Portugu\u00eas, a Federa\u00e7\u00e3o de Triatlo de Portugal manifesta o seu orgulho e votos de um bom descanso e recupera\u00e7\u00e3o.<\/p>\n<p>&nbsp;<\/p>\n<p>&nbsp;<\/p>\n<p>Cr\u00e9ditos Fotogr\u00e1ficos: Challenge Roth<\/p>\n","protected":false},"excerpt":{"rendered":"<p>&nbsp; Realizou-se hoje em Roth, na Baviera alem\u00e3, aquele que [&hellip;]<\/p>\n","protected":false},"author":6506,"featured_media":24956,"comment_status":"closed","ping_status":"closed","sticky":false,"template":"","format":"standard","meta":{"footnotes":""},"categories":[335,2],"tags":[],"_links":{"self":[{"href":"https:\/\/www.federacao-triatlo.pt\/ftp2015\/wp-json\/wp\/v2\/posts\/24955"}],"collection":[{"href":"https:\/\/www.federacao-triatlo.pt\/ftp2015\/wp-json\/wp\/v2\/posts"}],"about":[{"href":"https:\/\/www.federacao-triatlo.pt\/ftp2015\/wp-json\/wp\/v2\/types\/post"}],"author":[{"embeddable":true,"href":"https:\/\/www.federacao-triatlo.pt\/ftp2015\/wp-json\/wp\/v2\/users\/6506"}],"replies":[{"embeddable":true,"href":"https:\/\/www.federacao-triatlo.pt\/ftp2015\/wp-json\/wp\/v2\/comments?post=24955"}],"version-history":[{"count":0,"href":"https:\/\/www.federacao-triatlo.pt\/ftp2015\/wp-json\/wp\/v2\/posts\/24955\/revisions"}],"wp:featuredmedia":[{"embeddable":true,"href":"https:\/\/www.federacao-triatlo.pt\/ftp2015\/wp-json\/wp\/v2\/media\/24956"}],"wp:attachment":[{"href":"https:\/\/www.federacao-triatlo.pt\/ftp2015\/wp-json\/wp\/v2\/media?parent=24955"}],"wp:term":[{"taxonomy":"category","embeddable":true,"href":"https:\/\/www.federacao-triatlo.pt\/ftp2015\/wp-json\/wp\/v2\/categories?post=24955"},{"taxonomy":"post_tag","embeddable":true,"href":"https:\/\/www.federacao-triatlo.pt\/ftp2015\/wp-json\/wp\/v2\/tags?post=24955"}],"curies":[{"name":"wp","href":"https:\/\/api.w.org\/{rel}","templated":true}]}}