{"id":24811,"date":"2017-07-06T10:49:16","date_gmt":"2017-07-06T10:49:16","guid":{"rendered":"https:\/\/www.federacao-triatlo.pt\/ftp2015\/?p=24811"},"modified":"2017-07-18T10:04:51","modified_gmt":"2017-07-18T10:04:51","slug":"fim-de-semana-cheio-para-a-longa-distancia-portuguesa","status":"publish","type":"post","link":"https:\/\/www.federacao-triatlo.pt\/ftp2015\/fim-de-semana-cheio-para-a-longa-distancia-portuguesa\/","title":{"rendered":"Fim de Semana cheio para a Longa Dist\u00e2ncia Portuguesa"},"content":{"rendered":"<p>Realiza-se este fim de semana, em Roth, na Baviera alem\u00e3, um dos mais ic\u00f3nicos e espectaculares triatlos de dist\u00e2ncia Ironman.<\/p>\n<p>O Challenge Roth que j\u00e1 viu brilhar alguns dos mais prestigiados atletas internacionais da dist\u00e2ncia como o ex Campe\u00e3o do Mundo de Ironman, Chris McCormack, o alem\u00e3o Andreas Raelert e onde no ano passado, Jan Frodeno (medalha de Ouro em Pequim 2008) realizou o tempo de 7h35\u201939, tempo record da dist\u00e2ncia.<\/p>\n<p>Este ano, apesar da aus\u00eancia do alem\u00e3o, a prova ir\u00e1 contar com a tentativa da su\u00ed\u00e7a, Daniela Ryf, em bater o tempo da brit\u00e2nica Chrissie Wellington (8h18\u201913) conquistado em 2011.<\/p>\n<p>Mas nem s\u00f3 de estrelas mundiais e recordes \u00e9 feito o Challenge Roth. A prova \u00e9 famosa pelo imenso p\u00fablico que a ela assiste, especialmente na Solarberg, uma subida com aproximadamente 600 metros de dist\u00e2ncia onde o p\u00fablico enche a estrada ao estilo da Volta a Fran\u00e7a. A espectacularidade deste momento \u00e9 certamente um motivo para o qual cerca de 5000 atletas se inscrevem todos os anos nesta m\u00edtica competi\u00e7\u00e3o.<\/p>\n<p>Este ano Portugal n\u00e3o poderia estar melhor representado, s\u00e3o 41 os Triatletas Portugueses que ir\u00e3o representar o nosso pa\u00eds.<\/p>\n<p>Na competi\u00e7\u00e3o de Elite iremos ter o mais experiente atleta na dist\u00e2ncia, S\u00e9rgio Marques assim como Jos\u00e9 Estrangeiro e Rafael Gomes, no sector feminino, Portugal conta com a participa\u00e7\u00e3o da Vanessa Pereira que j\u00e1 por v\u00e1rias vezes foi Campe\u00e3 Nacional de Dist\u00e2ncia Longa.<\/p>\n<p>Nos Age Groups, Portugal ter\u00e1 37 triatletas, alguns a fazer a sua estreia e outros que ir\u00e3o certamente tentar bater o seu tempo pessoal.<\/p>\n<p>Abaixo poder\u00e1 consultar a listagem dos atletas lusos em competi\u00e7\u00e3o:<\/p>\n<p><a href=\"https:\/\/www.federacao-triatlo.pt\/ftp2015\/wp-content\/uploads\/2017\/07\/Start-List-Roth.pdf\">Start List Roth<\/a><\/p>\n<p>&nbsp;<\/p>\n<p>Mais a norte, no mesmo dia, realiza-se o Campeonato Europeu de Ironman em Frankfurt.<\/p>\n<p>Esta competi\u00e7\u00e3o \u00e9 bastante participada por atribuir um n\u00famero mais elevado de vagas para o Campeonato do Mundo de Ironman a realizar no Havai em Outubro deste ano.<\/p>\n<p>Portugal contar\u00e1 com a participa\u00e7\u00e3o de 15 triatletas que certamente ter\u00e3o um dia cheio de emo\u00e7\u00f5es e de hist\u00f3rias para contar.<\/p>\n<p>Consulte abaixo a lista dos atletas Portugueses em competi\u00e7\u00e3o:<\/p>\n<p><a href=\"https:\/\/www.federacao-triatlo.pt\/ftp2015\/wp-content\/uploads\/2017\/07\/Start-List-Frankfurt.pdf\">Start List Frankfurt<\/a><\/p>\n","protected":false},"excerpt":{"rendered":"<p>Realiza-se este fim de semana, em Roth, na Baviera alem\u00e3, [&hellip;]<\/p>\n","protected":false},"author":6506,"featured_media":24817,"comment_status":"closed","ping_status":"closed","sticky":false,"template":"","format":"standard","meta":{"footnotes":""},"categories":[335,2],"tags":[],"_links":{"self":[{"href":"https:\/\/www.federacao-triatlo.pt\/ftp2015\/wp-json\/wp\/v2\/posts\/24811"}],"collection":[{"href":"https:\/\/www.federacao-triatlo.pt\/ftp2015\/wp-json\/wp\/v2\/posts"}],"about":[{"href":"https:\/\/www.federacao-triatlo.pt\/ftp2015\/wp-json\/wp\/v2\/types\/post"}],"author":[{"embeddable":true,"href":"https:\/\/www.federacao-triatlo.pt\/ftp2015\/wp-json\/wp\/v2\/users\/6506"}],"replies":[{"embeddable":true,"href":"https:\/\/www.federacao-triatlo.pt\/ftp2015\/wp-json\/wp\/v2\/comments?post=24811"}],"version-history":[{"count":0,"href":"https:\/\/www.federacao-triatlo.pt\/ftp2015\/wp-json\/wp\/v2\/posts\/24811\/revisions"}],"wp:featuredmedia":[{"embeddable":true,"href":"https:\/\/www.federacao-triatlo.pt\/ftp2015\/wp-json\/wp\/v2\/media\/24817"}],"wp:attachment":[{"href":"https:\/\/www.federacao-triatlo.pt\/ftp2015\/wp-json\/wp\/v2\/media?parent=24811"}],"wp:term":[{"taxonomy":"category","embeddable":true,"href":"https:\/\/www.federacao-triatlo.pt\/ftp2015\/wp-json\/wp\/v2\/categories?post=24811"},{"taxonomy":"post_tag","embeddable":true,"href":"https:\/\/www.federacao-triatlo.pt\/ftp2015\/wp-json\/wp\/v2\/tags?post=24811"}],"curies":[{"name":"wp","href":"https:\/\/api.w.org\/{rel}","templated":true}]}}