{"id":22282,"date":"2017-05-11T09:47:04","date_gmt":"2017-05-11T09:47:04","guid":{"rendered":"https:\/\/www.federacao-triatlo.pt\/ftp2015\/?p=22282"},"modified":"2017-05-11T09:47:04","modified_gmt":"2017-05-11T09:47:04","slug":"francisco-cipriano-medalha-de-bronze-em-soria","status":"publish","type":"post","link":"https:\/\/www.federacao-triatlo.pt\/ftp2015\/francisco-cipriano-medalha-de-bronze-em-soria\/","title":{"rendered":"Francisco Cipriano Medalha de Bronze em S\u00f3ria"},"content":{"rendered":"<p>Decorreu no passado dia 30 de Abril\u00a0em S\u00f3ria o Campeonato da Europa de Duatlo de Age Groups.<\/p>\n<p>&nbsp;<\/p>\n<p>Portugal amealhou uma medalha atrav\u00e9s da excelente participa\u00e7\u00e3o de Francisco Cipriano que conquistou a medalha de Bronze no Age Group de 75-79 na prova de dist\u00e2ncia Sprint com o tempo de 1h59min<\/p>\n<p>&nbsp;<\/p>\n<p>&nbsp;<\/p>\n<p>De real\u00e7ar os resultados dos outros dois participantes lusos na competi\u00e7\u00e3o:<\/p>\n<p>Ant\u00f3nio Brand\u00e3o &#8211; 27\u00ba lugar no AG 55-59 Dist\u00e2ncia Standard<\/p>\n<p>Luis Cipriano &#8211; 33\u00ba lugar no AG 40-44 Dist\u00e2ncia Standard<\/p>\n<p>&nbsp;<\/p>\n<p>&nbsp;<\/p>\n<p>Cr\u00e9ditos Fotogr\u00e1fico &#8211; Luis Cipriano<\/p>\n","protected":false},"excerpt":{"rendered":"<p>Decorreu no passado dia 30 de Abril\u00a0em S\u00f3ria o Campeonato [&hellip;]<\/p>\n","protected":false},"author":6506,"featured_media":22283,"comment_status":"closed","ping_status":"closed","sticky":false,"template":"","format":"standard","meta":{"footnotes":""},"categories":[335],"tags":[],"_links":{"self":[{"href":"https:\/\/www.federacao-triatlo.pt\/ftp2015\/wp-json\/wp\/v2\/posts\/22282"}],"collection":[{"href":"https:\/\/www.federacao-triatlo.pt\/ftp2015\/wp-json\/wp\/v2\/posts"}],"about":[{"href":"https:\/\/www.federacao-triatlo.pt\/ftp2015\/wp-json\/wp\/v2\/types\/post"}],"author":[{"embeddable":true,"href":"https:\/\/www.federacao-triatlo.pt\/ftp2015\/wp-json\/wp\/v2\/users\/6506"}],"replies":[{"embeddable":true,"href":"https:\/\/www.federacao-triatlo.pt\/ftp2015\/wp-json\/wp\/v2\/comments?post=22282"}],"version-history":[{"count":0,"href":"https:\/\/www.federacao-triatlo.pt\/ftp2015\/wp-json\/wp\/v2\/posts\/22282\/revisions"}],"wp:featuredmedia":[{"embeddable":true,"href":"https:\/\/www.federacao-triatlo.pt\/ftp2015\/wp-json\/wp\/v2\/media\/22283"}],"wp:attachment":[{"href":"https:\/\/www.federacao-triatlo.pt\/ftp2015\/wp-json\/wp\/v2\/media?parent=22282"}],"wp:term":[{"taxonomy":"category","embeddable":true,"href":"https:\/\/www.federacao-triatlo.pt\/ftp2015\/wp-json\/wp\/v2\/categories?post=22282"},{"taxonomy":"post_tag","embeddable":true,"href":"https:\/\/www.federacao-triatlo.pt\/ftp2015\/wp-json\/wp\/v2\/tags?post=22282"}],"curies":[{"name":"wp","href":"https:\/\/api.w.org\/{rel}","templated":true}]}}