{"id":21687,"date":"2017-04-29T10:19:17","date_gmt":"2017-04-29T10:19:17","guid":{"rendered":"https:\/\/www.federacao-triatlo.pt\/ftp2015\/?p=21687"},"modified":"2017-04-29T10:19:17","modified_gmt":"2017-04-29T10:19:17","slug":"campeonato-da-europa-de-duatlo-de-age-groups-soria","status":"publish","type":"post","link":"https:\/\/www.federacao-triatlo.pt\/ftp2015\/campeonato-da-europa-de-duatlo-de-age-groups-soria\/","title":{"rendered":"Campeonato da Europa de Duatlo de Age Groups &#8211; S\u00f3ria"},"content":{"rendered":"<p>\u00c9 j\u00e1 este domingo, dia 30 de Abril, que entram em a\u00e7\u00e3o os atletas Age Group Portugueses no Campeonato da Europa de Duatlo em S\u00f3ria, Espanha.<\/p>\n<p>&nbsp;<\/p>\n<p>Os atletas que ir\u00e3o representar as cores nacionais ser\u00e3o:<\/p>\n<p>&nbsp;<\/p>\n<p>Ant\u00f3nio Valente da Silva Brand\u00e3o AG &#8211; 55-59<\/p>\n<p>Lu\u00eds Paulo Costa Cipriano AG &#8211; 40-44<\/p>\n<p>Francisco Augusto Cipriano AG &#8211; 75-79<\/p>\n<p>&nbsp;<\/p>\n<p>A Federa\u00e7\u00e3o de Triatlo de Portugal vem desta forma desejar boa sorte a todos os atletas nacionais.<\/p>\n<p>&nbsp;<\/p>\n","protected":false},"excerpt":{"rendered":"<p>\u00c9 j\u00e1 este domingo, dia 30 de Abril, que entram [&hellip;]<\/p>\n","protected":false},"author":6506,"featured_media":21688,"comment_status":"closed","ping_status":"closed","sticky":false,"template":"","format":"standard","meta":{"footnotes":""},"categories":[335],"tags":[],"_links":{"self":[{"href":"https:\/\/www.federacao-triatlo.pt\/ftp2015\/wp-json\/wp\/v2\/posts\/21687"}],"collection":[{"href":"https:\/\/www.federacao-triatlo.pt\/ftp2015\/wp-json\/wp\/v2\/posts"}],"about":[{"href":"https:\/\/www.federacao-triatlo.pt\/ftp2015\/wp-json\/wp\/v2\/types\/post"}],"author":[{"embeddable":true,"href":"https:\/\/www.federacao-triatlo.pt\/ftp2015\/wp-json\/wp\/v2\/users\/6506"}],"replies":[{"embeddable":true,"href":"https:\/\/www.federacao-triatlo.pt\/ftp2015\/wp-json\/wp\/v2\/comments?post=21687"}],"version-history":[{"count":0,"href":"https:\/\/www.federacao-triatlo.pt\/ftp2015\/wp-json\/wp\/v2\/posts\/21687\/revisions"}],"wp:featuredmedia":[{"embeddable":true,"href":"https:\/\/www.federacao-triatlo.pt\/ftp2015\/wp-json\/wp\/v2\/media\/21688"}],"wp:attachment":[{"href":"https:\/\/www.federacao-triatlo.pt\/ftp2015\/wp-json\/wp\/v2\/media?parent=21687"}],"wp:term":[{"taxonomy":"category","embeddable":true,"href":"https:\/\/www.federacao-triatlo.pt\/ftp2015\/wp-json\/wp\/v2\/categories?post=21687"},{"taxonomy":"post_tag","embeddable":true,"href":"https:\/\/www.federacao-triatlo.pt\/ftp2015\/wp-json\/wp\/v2\/tags?post=21687"}],"curies":[{"name":"wp","href":"https:\/\/api.w.org\/{rel}","templated":true}]}}