{"id":21029,"date":"2017-04-14T14:26:22","date_gmt":"2017-04-14T14:26:22","guid":{"rendered":"https:\/\/www.federacao-triatlo.pt\/ftp2015\/?p=21029"},"modified":"2017-04-27T21:56:03","modified_gmt":"2017-04-27T21:56:03","slug":"abrantes-recebe-fim-de-semana-dedicado-ao-duatlo","status":"publish","type":"post","link":"https:\/\/www.federacao-triatlo.pt\/ftp2015\/abrantes-recebe-fim-de-semana-dedicado-ao-duatlo\/","title":{"rendered":"Abrantes recebe fim de semana dedicado ao Duatlo"},"content":{"rendered":"<p>Durante os pr\u00f3ximos dias\u00a022 e 23 de Abril o complexo Aquapolis de Abrantes receber\u00e1 centenas de atletas que se apresentar\u00e3o para a disputa de dois campeonato nacionais. S\u00e1bado, 22, ser\u00e1 dedicado aos jovens atletas\u00a0e, consequentemente, \u00e0 disputa de mais uma etapa do Campeonato Nacional Jovem de Estafetas. No domingo os olhos estar\u00e3o postos na luta pelo t\u00edtulo de Campe\u00e3o Nacional Individual de Duatlo.<\/p>\n<p>Com excelentes condi\u00e7\u00f5es para a pr\u00e1tica da modalidade o complexo Aquapolis ir\u00e1 marcar dois dias de competitividade, harmonia e aprendizagem. Os atletas que competirem no Campeonato Nacional Jovem de Estafetas apresentar-se-\u00e3o organizados por forma\u00e7\u00f5es que ser\u00e3o divididas, etariamente, por dois agrupamentos. Ser\u00e3o desafiados a percorrer dist\u00e2ncias que variam entre\u00a0300m de corrida, 1km de ciclismo, 300m de corrida e 1km de corrida, 4km de ciclismo e 500m de corrida. No decorrer da prova passar\u00e3o por percursos essencialmente planos, com a excep\u00e7\u00e3o do tro\u00e7o inicial e final do segmento de ciclismo, e procurar\u00e3o representar as suas cores atrav\u00e9s de uma competi\u00e7\u00e3o que procura dinamizar o esp\u00edrito de equipa e de entreajuda nas camadas de forma\u00e7\u00e3o.<\/p>\n<p>O \u00faltimo dia de provas ser\u00e1 marcado pela disputa do t\u00edtulo nacional de duatlo. O Campeonato Nacional Individual de Duatlo procurar\u00e1 dar a conhecer os novos campe\u00f5es de 2017 e ser\u00e1 disputado no formato Standard. A\u00a0prova de Abrantes\u00a0prometer\u00e1 apresentar um grande n\u00edvel de exig\u00eancia em termos de competitividade e, tamb\u00e9m, no que toca aos desafiantes percursos da regi\u00e3o. Ao longo de 10km de corrida, 40km de ciclismo e 5km de corrida\u00a0todos os inscritos poder\u00e3o contar com segmentos de algum desn\u00edvel, principalmente no ciclismo. Fatores que, certamente, contribuir\u00e3o para o decorrer da competi\u00e7\u00e3o e que alimentar\u00e3o o espet\u00e1culo do evento.<\/p>\n<p>O Duatlo de Abrantes Aquapolis \u00e9 uma organiza\u00e7\u00e3o conjunta do Munic\u00edpio de Abrantes e da Federa\u00e7\u00e3o de Triatlo de Portugal que se pauta por dinamizar a modalidade e a regi\u00e3o atrav\u00e9s da realiza\u00e7\u00e3o de um evento que trar\u00e1 ao Ribatejo atletas de todas as idades bem como alguns dos melhores especialistas do duatlo nacional.<\/p>\n<p><a href=\"https:\/\/www.federacao-triatlo.pt\/ftp2015\/wp-content\/uploads\/2017\/02\/Regulamento-Duatlo-Abrantes-Aquapolis-CN-2017-1.pdf\">Regulamento<\/a><\/p>\n<p><a href=\"https:\/\/www.federacao-triatlo.pt\/ftp2015\/wp-content\/uploads\/2017\/02\/PercursosDuatloAbrantesPJovemV1.pdf\">Percursos CN Jovem Estafetas<\/a><\/p>\n<p><a href=\"https:\/\/www.federacao-triatlo.pt\/ftp2015\/wp-content\/uploads\/2017\/02\/PercursosDuatloAbrantesCNIndividual2017-V1.pdf\">Percursos CN Invidual<\/a><\/p>\n","protected":false},"excerpt":{"rendered":"<p>Durante os pr\u00f3ximos dias\u00a022 e 23 de Abril o complexo [&hellip;]<\/p>\n","protected":false},"author":6506,"featured_media":21032,"comment_status":"closed","ping_status":"closed","sticky":false,"template":"","format":"standard","meta":{"footnotes":""},"categories":[2],"tags":[],"_links":{"self":[{"href":"https:\/\/www.federacao-triatlo.pt\/ftp2015\/wp-json\/wp\/v2\/posts\/21029"}],"collection":[{"href":"https:\/\/www.federacao-triatlo.pt\/ftp2015\/wp-json\/wp\/v2\/posts"}],"about":[{"href":"https:\/\/www.federacao-triatlo.pt\/ftp2015\/wp-json\/wp\/v2\/types\/post"}],"author":[{"embeddable":true,"href":"https:\/\/www.federacao-triatlo.pt\/ftp2015\/wp-json\/wp\/v2\/users\/6506"}],"replies":[{"embeddable":true,"href":"https:\/\/www.federacao-triatlo.pt\/ftp2015\/wp-json\/wp\/v2\/comments?post=21029"}],"version-history":[{"count":0,"href":"https:\/\/www.federacao-triatlo.pt\/ftp2015\/wp-json\/wp\/v2\/posts\/21029\/revisions"}],"wp:featuredmedia":[{"embeddable":true,"href":"https:\/\/www.federacao-triatlo.pt\/ftp2015\/wp-json\/wp\/v2\/media\/21032"}],"wp:attachment":[{"href":"https:\/\/www.federacao-triatlo.pt\/ftp2015\/wp-json\/wp\/v2\/media?parent=21029"}],"wp:term":[{"taxonomy":"category","embeddable":true,"href":"https:\/\/www.federacao-triatlo.pt\/ftp2015\/wp-json\/wp\/v2\/categories?post=21029"},{"taxonomy":"post_tag","embeddable":true,"href":"https:\/\/www.federacao-triatlo.pt\/ftp2015\/wp-json\/wp\/v2\/tags?post=21029"}],"curies":[{"name":"wp","href":"https:\/\/api.w.org\/{rel}","templated":true}]}}