{"id":20872,"date":"2017-04-06T17:19:30","date_gmt":"2017-04-06T17:19:30","guid":{"rendered":"https:\/\/www.federacao-triatlo.pt\/ftp2015\/?p=20872"},"modified":"2017-04-06T17:19:30","modified_gmt":"2017-04-06T17:19:30","slug":"pedro-silva-apurado-para-o-campeonato-do-mundo-de-ironman","status":"publish","type":"post","link":"https:\/\/www.federacao-triatlo.pt\/ftp2015\/pedro-silva-apurado-para-o-campeonato-do-mundo-de-ironman\/","title":{"rendered":"Pedro Silva apurado para o Campeonato do Mundo de Ironman"},"content":{"rendered":"<p>Pedro Silva foi o grande destaque portugu\u00eas no Ironman da \u00c1frica do Sul que se realizou no passado domingo, conquistando um lugar no Campeonato do Mundo de Ironman que se ir\u00e1 realizar no Havai em Outubro deste ano.<\/p>\n<p>Na sua estreia na dist\u00e2ncia, Pedro Silva conclui a prova com 9h36min ficando no 10\u00ba lugar do seu Age Group que lhe garantiu a t\u00e3o ambicionada participa\u00e7\u00e3o no Havai.<\/p>\n<p>&nbsp;<\/p>\n<p>Al\u00e9m de Pedro Silva, Portugal contou com a presen\u00e7a de mais atletas que t\u00e3o bem honraram as cores nacionais:<\/p>\n<p>&nbsp;<\/p>\n<p>Gon\u00e7alo Neves &#8211; 9h58<\/p>\n<p>Henrique Matias &#8211; 10h15<\/p>\n<p>Luis Nunes &#8211; 10h26<\/p>\n<p>Carlos Silva &#8211; 11h15<\/p>\n<p>H\u00e9lder Francisco &#8211; 12h17<\/p>\n<p>Romero Silva &#8211; 13h46<\/p>\n<p>Maria Concei\u00e7\u00e3o &#8211; 14h21<\/p>\n<p>&nbsp;<\/p>\n","protected":false},"excerpt":{"rendered":"<p>Pedro Silva foi o grande destaque portugu\u00eas no Ironman da [&hellip;]<\/p>\n","protected":false},"author":6506,"featured_media":20873,"comment_status":"closed","ping_status":"closed","sticky":false,"template":"","format":"standard","meta":{"footnotes":""},"categories":[335],"tags":[],"_links":{"self":[{"href":"https:\/\/www.federacao-triatlo.pt\/ftp2015\/wp-json\/wp\/v2\/posts\/20872"}],"collection":[{"href":"https:\/\/www.federacao-triatlo.pt\/ftp2015\/wp-json\/wp\/v2\/posts"}],"about":[{"href":"https:\/\/www.federacao-triatlo.pt\/ftp2015\/wp-json\/wp\/v2\/types\/post"}],"author":[{"embeddable":true,"href":"https:\/\/www.federacao-triatlo.pt\/ftp2015\/wp-json\/wp\/v2\/users\/6506"}],"replies":[{"embeddable":true,"href":"https:\/\/www.federacao-triatlo.pt\/ftp2015\/wp-json\/wp\/v2\/comments?post=20872"}],"version-history":[{"count":0,"href":"https:\/\/www.federacao-triatlo.pt\/ftp2015\/wp-json\/wp\/v2\/posts\/20872\/revisions"}],"wp:featuredmedia":[{"embeddable":true,"href":"https:\/\/www.federacao-triatlo.pt\/ftp2015\/wp-json\/wp\/v2\/media\/20873"}],"wp:attachment":[{"href":"https:\/\/www.federacao-triatlo.pt\/ftp2015\/wp-json\/wp\/v2\/media?parent=20872"}],"wp:term":[{"taxonomy":"category","embeddable":true,"href":"https:\/\/www.federacao-triatlo.pt\/ftp2015\/wp-json\/wp\/v2\/categories?post=20872"},{"taxonomy":"post_tag","embeddable":true,"href":"https:\/\/www.federacao-triatlo.pt\/ftp2015\/wp-json\/wp\/v2\/tags?post=20872"}],"curies":[{"name":"wp","href":"https:\/\/api.w.org\/{rel}","templated":true}]}}