{"id":20406,"date":"2017-03-27T13:48:47","date_gmt":"2017-03-27T13:48:47","guid":{"rendered":"https:\/\/www.federacao-triatlo.pt\/ftp2015\/?p=20406"},"modified":"2017-04-06T11:15:48","modified_gmt":"2017-04-06T11:15:48","slug":"participacao-portuguesa-no-ironman-africa-do-sul","status":"publish","type":"post","link":"https:\/\/www.federacao-triatlo.pt\/ftp2015\/participacao-portuguesa-no-ironman-africa-do-sul\/","title":{"rendered":"Participa\u00e7\u00e3o Portuguesa no IRONMAN \u00c1frica do Sul"},"content":{"rendered":"<p>Realiza-se no pr\u00f3ximo domingo dia 2 de Abril o IRONMAN da \u00c1frica do Sul.<\/p>\n<p>A prova contar\u00e1 com a presen\u00e7a de v\u00e1rios atletas lusos que ir\u00e3o representar Portugal nos diversos grupos de idade. A maior parte destes atletas j\u00e1 \u00e9 experiente na dist\u00e2ncia e ter\u00e3o aqui a oportunidade de tentar o seu apuramento para o t\u00e3o desejado Campeonato do Mundo de IRONMAN a realizar no Havai em Outubro deste ano.<\/p>\n<p>Conhe\u00e7a abaixo os nossos atletas:<br \/>\nAna Isabel Antunes Guimar\u00e3es dorsal 1903<br \/>\nMaria Concei\u00e7\u00e3o &#8211; dorsal 1937<br \/>\nAnt\u00f3nio Ribeiro &#8211; dorsal 1112<br \/>\nGon\u00e7alo Neves &#8211; dorsal 2084<br \/>\nSergio Costa &#8211; dorsal 1204<br \/>\nH\u00e9lder Francisco &#8211; dorsal 1231<br \/>\nHenrique Matias &#8211; dorsal 1297<br \/>\nLu\u00eds Mira Nunes &#8211; dorsal 1307<br \/>\nRomero Silva &#8211; dorsal 1351<br \/>\nPedro Silva dorsal 1352<br \/>\nSergio Ogasawara De Oliveira &#8211; dorsal 1559<br \/>\nNuno Santos &#8211; dorsal 1583<br \/>\nPaulo Codinha &#8211; dorsal 1661<br \/>\nCarlos Silva &#8211; dorsal 547<\/p>\n<p>A prova ter\u00e1 in\u00edcio \u00e0s 5h45, hora portuguesa e poder\u00e1 acompanhar a competi\u00e7\u00e3o em directo do <a href=\"http:\/\/eu.ironman.com\/triathlon\/events\/emea\/ironman\/south-africa.aspx#\/axzz4cWhTjPYC\">site oficial da prova<\/a>.<\/p>\n<p>Desejamos boa sorte a todos os atletas!<\/p>\n<p>&nbsp;<\/p>\n<p>&nbsp;<\/p>\n<p>&nbsp;<\/p>\n<p>Fotografia: Triatl3ta<\/p>\n","protected":false},"excerpt":{"rendered":"<p>Realiza-se no pr\u00f3ximo domingo dia 2 de Abril o IRONMAN [&hellip;]<\/p>\n","protected":false},"author":6506,"featured_media":20410,"comment_status":"closed","ping_status":"closed","sticky":false,"template":"","format":"standard","meta":{"footnotes":""},"categories":[335,2],"tags":[],"_links":{"self":[{"href":"https:\/\/www.federacao-triatlo.pt\/ftp2015\/wp-json\/wp\/v2\/posts\/20406"}],"collection":[{"href":"https:\/\/www.federacao-triatlo.pt\/ftp2015\/wp-json\/wp\/v2\/posts"}],"about":[{"href":"https:\/\/www.federacao-triatlo.pt\/ftp2015\/wp-json\/wp\/v2\/types\/post"}],"author":[{"embeddable":true,"href":"https:\/\/www.federacao-triatlo.pt\/ftp2015\/wp-json\/wp\/v2\/users\/6506"}],"replies":[{"embeddable":true,"href":"https:\/\/www.federacao-triatlo.pt\/ftp2015\/wp-json\/wp\/v2\/comments?post=20406"}],"version-history":[{"count":0,"href":"https:\/\/www.federacao-triatlo.pt\/ftp2015\/wp-json\/wp\/v2\/posts\/20406\/revisions"}],"wp:featuredmedia":[{"embeddable":true,"href":"https:\/\/www.federacao-triatlo.pt\/ftp2015\/wp-json\/wp\/v2\/media\/20410"}],"wp:attachment":[{"href":"https:\/\/www.federacao-triatlo.pt\/ftp2015\/wp-json\/wp\/v2\/media?parent=20406"}],"wp:term":[{"taxonomy":"category","embeddable":true,"href":"https:\/\/www.federacao-triatlo.pt\/ftp2015\/wp-json\/wp\/v2\/categories?post=20406"},{"taxonomy":"post_tag","embeddable":true,"href":"https:\/\/www.federacao-triatlo.pt\/ftp2015\/wp-json\/wp\/v2\/tags?post=20406"}],"curies":[{"name":"wp","href":"https:\/\/api.w.org\/{rel}","templated":true}]}}