{"id":19283,"date":"2017-02-26T21:53:04","date_gmt":"2017-02-26T21:53:04","guid":{"rendered":"https:\/\/www.federacao-triatlo.pt\/ftp2015\/?p=19283"},"modified":"2017-04-06T11:16:35","modified_gmt":"2017-04-06T11:16:35","slug":"grupos-idade-2017","status":"publish","type":"post","link":"https:\/\/www.federacao-triatlo.pt\/ftp2015\/grupos-idade-2017\/","title":{"rendered":"Grupos de Idade 2017"},"content":{"rendered":"<p>Os Grupos de Idade s\u00e3o um eixo de desenvolvimento central para a Federa\u00e7\u00e3o de Triatlo de Portugal. Para conseguir garantir o devido apoio a este grupo-alvo a FTP elegeu, dentro da sua estrutura, o Diogo Cust\u00f3dio, como respons\u00e1vel e interlocutor para esta \u00e1rea.<\/p>\n<p>O Diogo tem a seu cargo a reformula\u00e7\u00e3o de todo o projeto de Grupos de Idade para 2018 e tamb\u00e9m o acompanhamento dos atletas j\u00e1 esta \u00e9poca.<\/p>\n<p>Nesse \u00e2mbito, j\u00e1 se encontra dispon\u00edvel no nosso site o Formul\u00e1rio de Inten\u00e7\u00e3o de Participa\u00e7\u00e3o em provas internacionais para Atletas Age Groups.<\/p>\n<p>O preenchimento do Formul\u00e1rio apenas demonstra a inten\u00e7\u00e3o de participa\u00e7\u00e3o nas provas. Depois de demonstrarem a sua inten\u00e7\u00e3o de participa\u00e7\u00e3o, os atletas dever\u00e3o receber um email a informar de quais os passos a efetuar para conclu\u00edrem a sua inscri\u00e7\u00e3o.<\/p>\n<p>Tamb\u00e9m se encontra para consulta o Regulamento de Participa\u00e7\u00e3o Internacional. Por dificilmente se preencherem os totais de vagas para AG\u2019s portugueses, n\u00e3o existir\u00e3o provas\/crit\u00e9rios de sele\u00e7\u00e3o para 2017.<\/p>\n<p>N\u00e3o perca esta oportunidade de representar Portugal e venha fazer da nossa equipa nos mais diversos eventos internacionais.<\/p>\n<p>Posteriormente ser\u00e3o informados os apoios para as participa\u00e7\u00f5es.<\/p>\n","protected":false},"excerpt":{"rendered":"<p>Os Grupos de Idade s\u00e3o um eixo de desenvolvimento central [&hellip;]<\/p>\n","protected":false},"author":4,"featured_media":10500,"comment_status":"closed","ping_status":"closed","sticky":false,"template":"","format":"standard","meta":{"footnotes":""},"categories":[335,2],"tags":[],"_links":{"self":[{"href":"https:\/\/www.federacao-triatlo.pt\/ftp2015\/wp-json\/wp\/v2\/posts\/19283"}],"collection":[{"href":"https:\/\/www.federacao-triatlo.pt\/ftp2015\/wp-json\/wp\/v2\/posts"}],"about":[{"href":"https:\/\/www.federacao-triatlo.pt\/ftp2015\/wp-json\/wp\/v2\/types\/post"}],"author":[{"embeddable":true,"href":"https:\/\/www.federacao-triatlo.pt\/ftp2015\/wp-json\/wp\/v2\/users\/4"}],"replies":[{"embeddable":true,"href":"https:\/\/www.federacao-triatlo.pt\/ftp2015\/wp-json\/wp\/v2\/comments?post=19283"}],"version-history":[{"count":0,"href":"https:\/\/www.federacao-triatlo.pt\/ftp2015\/wp-json\/wp\/v2\/posts\/19283\/revisions"}],"wp:featuredmedia":[{"embeddable":true,"href":"https:\/\/www.federacao-triatlo.pt\/ftp2015\/wp-json\/wp\/v2\/media\/10500"}],"wp:attachment":[{"href":"https:\/\/www.federacao-triatlo.pt\/ftp2015\/wp-json\/wp\/v2\/media?parent=19283"}],"wp:term":[{"taxonomy":"category","embeddable":true,"href":"https:\/\/www.federacao-triatlo.pt\/ftp2015\/wp-json\/wp\/v2\/categories?post=19283"},{"taxonomy":"post_tag","embeddable":true,"href":"https:\/\/www.federacao-triatlo.pt\/ftp2015\/wp-json\/wp\/v2\/tags?post=19283"}],"curies":[{"name":"wp","href":"https:\/\/api.w.org\/{rel}","templated":true}]}}