{"id":18375,"date":"2017-02-23T22:36:30","date_gmt":"2017-02-23T22:36:30","guid":{"rendered":"https:\/\/www.federacao-triatlo.pt\/ftp2015\/?p=18375"},"modified":"2017-03-04T21:44:54","modified_gmt":"2017-03-04T21:44:54","slug":"duatlo-do-cadaval-decide-campeoes-nacionais-de-grupos-de-idade","status":"publish","type":"post","link":"https:\/\/www.federacao-triatlo.pt\/ftp2015\/duatlo-do-cadaval-decide-campeoes-nacionais-de-grupos-de-idade\/","title":{"rendered":"Duatlo do Cadaval decide campe\u00f5es nacionais de grupos de idade"},"content":{"rendered":"<p>Dia 5 de Mar\u00e7o o Cadaval ser\u00e1 palco da disputa do Campeonato Nacional de Grupos de Idade de Duatlo. Num evento que conta a sua 17\u00aa edi\u00e7\u00e3o, a vila do Oeste portugu\u00eas receber\u00e1 centenas de duatletas que correr\u00e3o com as suas ambi\u00e7\u00f5es individuais como prioridade.<\/p>\n<p>A prova procurar\u00e1 oferecer um clima competitivo e intenso e que, com percursos exigentes, n\u00e3o poupar\u00e1 aqueles que aceitarem o desafio de participar. Inicia-se com uma\u00a0corrida de 4,9km nas ruas da\u00a0vila do Cadaval, passando por zonas com algum desn\u00edvel e terreno misto de asfalto e cal\u00e7ada. Seguidamente os duatletas ser\u00e3o desafiados a percorrer as estradas do munic\u00edpio ao longo de 23km de ciclismo com segmentos de\u00a0altimetria consider\u00e1vel. No final, a meta\u00a0dever\u00e1 ser cortada ap\u00f3s um \u00faltimo percurso de corrida que totalizar\u00e1 2,5km.<\/p>\n<p>O Campeonato Nacional de Grupos de Idade de Duatlo apresenta-se como uma das melhores oportunidades da \u00e9poca para alcan\u00e7ar lugares cimeiros nas tabelas classificativas. A peculiaridade da competi\u00e7\u00e3o prende-se com o\u00a0facto de existirem escal\u00f5es et\u00e1rios que aproximam os atletas dos seus competidores diretos e encurtam a diferen\u00e7a et\u00e1ria dentro de cada escal\u00e3o. Factores que permitem apurar um maior n\u00famero de campe\u00f5es nacionais numa \u00fanica competi\u00e7\u00e3o e que aumentam a ambi\u00e7\u00e3o e competitividade de todos os participantes.<\/p>\n<p>No mesmo dia, com o objectivo de oferecer uma oportunidade\u00a0de inicia\u00e7\u00e3o \u00e0 modalidade ou\u00a0de participa\u00e7\u00e3o\u00a0com um esp\u00edrito menos competitivo, ser\u00e1 realizada uma Prova Aberta. Destinada a todos os interessados em participar a prova ser\u00e1 disputada ao longo de 2km de corrida, 11,5km de ciclismo e 1km de corrida final.<\/p>\n<p>O Duatlo do Cadaval \u00e9 um evento organizado pela\u00a0C\u00e2mara Municipal do Cadaval e pela Federa\u00e7\u00e3o de Triatlo de Portugal onde esperamos a presen\u00e7a de um grande n\u00famero de duatletas para mais um \u00f3timo\u00a0dia de competi\u00e7\u00f5es.<\/p>\n<p><a href=\"https:\/\/www.federacao-triatlo.pt\/ftp2015\/wp-content\/uploads\/2017\/02\/Regulamento_Duatlo_do_Cadaval_5_Mar_2017.pdf\">Regulamento<\/a><\/p>\n<p><a href=\"https:\/\/www.federacao-triatlo.pt\/ftp2015\/wp-content\/uploads\/2016\/12\/XVII_Duatlo_Cadaval_Percursos-2017.pdf\">Percursos Campeonato Nacional<\/a><\/p>\n<p><a href=\"https:\/\/www.federacao-triatlo.pt\/ftp2015\/wp-content\/uploads\/2016\/12\/XVII_Duatlo_Cadaval_Percursos_P_Aberta-2017.pdf\">Percursos Prova Aberta<\/a><\/p>\n","protected":false},"excerpt":{"rendered":"<p>Dia 5 de Mar\u00e7o o Cadaval ser\u00e1 palco da disputa [&hellip;]<\/p>\n","protected":false},"author":6506,"featured_media":18378,"comment_status":"closed","ping_status":"closed","sticky":false,"template":"","format":"standard","meta":{"footnotes":""},"categories":[2],"tags":[],"_links":{"self":[{"href":"https:\/\/www.federacao-triatlo.pt\/ftp2015\/wp-json\/wp\/v2\/posts\/18375"}],"collection":[{"href":"https:\/\/www.federacao-triatlo.pt\/ftp2015\/wp-json\/wp\/v2\/posts"}],"about":[{"href":"https:\/\/www.federacao-triatlo.pt\/ftp2015\/wp-json\/wp\/v2\/types\/post"}],"author":[{"embeddable":true,"href":"https:\/\/www.federacao-triatlo.pt\/ftp2015\/wp-json\/wp\/v2\/users\/6506"}],"replies":[{"embeddable":true,"href":"https:\/\/www.federacao-triatlo.pt\/ftp2015\/wp-json\/wp\/v2\/comments?post=18375"}],"version-history":[{"count":0,"href":"https:\/\/www.federacao-triatlo.pt\/ftp2015\/wp-json\/wp\/v2\/posts\/18375\/revisions"}],"wp:featuredmedia":[{"embeddable":true,"href":"https:\/\/www.federacao-triatlo.pt\/ftp2015\/wp-json\/wp\/v2\/media\/18378"}],"wp:attachment":[{"href":"https:\/\/www.federacao-triatlo.pt\/ftp2015\/wp-json\/wp\/v2\/media?parent=18375"}],"wp:term":[{"taxonomy":"category","embeddable":true,"href":"https:\/\/www.federacao-triatlo.pt\/ftp2015\/wp-json\/wp\/v2\/categories?post=18375"},{"taxonomy":"post_tag","embeddable":true,"href":"https:\/\/www.federacao-triatlo.pt\/ftp2015\/wp-json\/wp\/v2\/tags?post=18375"}],"curies":[{"name":"wp","href":"https:\/\/api.w.org\/{rel}","templated":true}]}}