{"id":18143,"date":"2017-02-15T22:18:02","date_gmt":"2017-02-15T22:18:02","guid":{"rendered":"https:\/\/www.federacao-triatlo.pt\/ftp2015\/?p=18143"},"modified":"2017-02-26T20:41:32","modified_gmt":"2017-02-26T20:41:32","slug":"barreiro-recebe-taca-de-portugal-porterra","status":"publish","type":"post","link":"https:\/\/www.federacao-triatlo.pt\/ftp2015\/barreiro-recebe-taca-de-portugal-porterra\/","title":{"rendered":"Barreiro recebe Ta\u00e7a de Portugal PORterra"},"content":{"rendered":"<p>A cidade do Barreiro receber\u00e1, no pr\u00f3ximo dia 25 de Fevereiro, a segunda etapa da Ta\u00e7a de Portugal PORterra. Organizada conjuntamente pela C\u00e2mara Municipal do Barreiro e pela Federa\u00e7\u00e3o de Triatlo de Portugal, a prova disputada sob o formato de Duatlo BTT ser\u00e1 uma excelente oportunidade competitiva para todos os amantes do todo-o-terreno.<\/p>\n<p>Com percursos desafiantes com zonas de single track, terrenos mistos de terra batida e piso arenoso, todos aqueles que aceitarem o desafio de representar os seus clubes neste evento ter\u00e3o de percorrer um total de 5km de corrida, 21,2km de ciclismo e 2,5km de corrida. A Mata da Machada ser\u00e1 o palco desta competi\u00e7\u00e3o onde esperamos um grande n\u00famero de clubes e atletas para mais uma tarde recheada de competitividade e partilha.<\/p>\n<p>No mesmo dia ser\u00e1 realizada uma prova aberta destinada a todos os interessados em participar. Passando por zonas igualmente desafiantes, o percurso de 2,5km de corrida, 10,6km de ciclismo e 1,4km de corrida apresenta-se uma grande oportunidade para todos os que procuram uma primeira experi\u00eancia na modalidade sem a exig\u00eancia da prova principal.<\/p>\n<p>O Duatlo do Barreiro apresenta-se como uma das principais provas do calend\u00e1rio competitivo, ao que toca a competi\u00e7\u00f5es de todo-o-terreno, e promete uma tarde preenchida de emo\u00e7\u00f5es.<\/p>\n<p><a href=\"https:\/\/www.federacao-triatlo.pt\/ftp2015\/wp-content\/uploads\/2016\/12\/Regulamento-Duatlo-do-Barreiro-2017V1.pdf\">Regulamento<\/a><\/p>\n<p><a href=\"https:\/\/www.federacao-triatlo.pt\/ftp2015\/wp-content\/uploads\/2016\/12\/20160228-Duatlo-do-Barreiro-Percursos-TP-PORTerra-2.pdf\">Percursos Ta\u00e7a de Portugal PORterra<\/a><\/p>\n<p><a href=\"https:\/\/www.federacao-triatlo.pt\/ftp2015\/wp-content\/uploads\/2016\/12\/20160228-Duatlo-do-Barreiro-Percursos-Prova-Aberta-2.pdf\">Percursos Prova Aberta<\/a><\/p>\n","protected":false},"excerpt":{"rendered":"<p>A cidade do Barreiro receber\u00e1, no pr\u00f3ximo dia 25 de [&hellip;]<\/p>\n","protected":false},"author":6506,"featured_media":8635,"comment_status":"closed","ping_status":"closed","sticky":false,"template":"","format":"standard","meta":{"footnotes":""},"categories":[2],"tags":[],"_links":{"self":[{"href":"https:\/\/www.federacao-triatlo.pt\/ftp2015\/wp-json\/wp\/v2\/posts\/18143"}],"collection":[{"href":"https:\/\/www.federacao-triatlo.pt\/ftp2015\/wp-json\/wp\/v2\/posts"}],"about":[{"href":"https:\/\/www.federacao-triatlo.pt\/ftp2015\/wp-json\/wp\/v2\/types\/post"}],"author":[{"embeddable":true,"href":"https:\/\/www.federacao-triatlo.pt\/ftp2015\/wp-json\/wp\/v2\/users\/6506"}],"replies":[{"embeddable":true,"href":"https:\/\/www.federacao-triatlo.pt\/ftp2015\/wp-json\/wp\/v2\/comments?post=18143"}],"version-history":[{"count":0,"href":"https:\/\/www.federacao-triatlo.pt\/ftp2015\/wp-json\/wp\/v2\/posts\/18143\/revisions"}],"wp:featuredmedia":[{"embeddable":true,"href":"https:\/\/www.federacao-triatlo.pt\/ftp2015\/wp-json\/wp\/v2\/media\/8635"}],"wp:attachment":[{"href":"https:\/\/www.federacao-triatlo.pt\/ftp2015\/wp-json\/wp\/v2\/media?parent=18143"}],"wp:term":[{"taxonomy":"category","embeddable":true,"href":"https:\/\/www.federacao-triatlo.pt\/ftp2015\/wp-json\/wp\/v2\/categories?post=18143"},{"taxonomy":"post_tag","embeddable":true,"href":"https:\/\/www.federacao-triatlo.pt\/ftp2015\/wp-json\/wp\/v2\/tags?post=18143"}],"curies":[{"name":"wp","href":"https:\/\/api.w.org\/{rel}","templated":true}]}}