{"id":17666,"date":"2017-02-09T21:32:55","date_gmt":"2017-02-09T21:32:55","guid":{"rendered":"https:\/\/www.federacao-triatlo.pt\/ftp2015\/?p=17666"},"modified":"2017-02-16T22:16:41","modified_gmt":"2017-02-16T22:16:41","slug":"segunda-etapa-do-cn-jovem-disputa-se-no-semideiro","status":"publish","type":"post","link":"https:\/\/www.federacao-triatlo.pt\/ftp2015\/segunda-etapa-do-cn-jovem-disputa-se-no-semideiro\/","title":{"rendered":"Segunda etapa do CN Jovem disputa-se no Semideiro"},"content":{"rendered":"<p>A Chamusca volta a ser protagonista no quadro competitivo nacional e recebe, dia 19 de Fevereiro, a segunda etapa do Campeonato Nacional Jovem. Desta feita, o Duatlo do Semideiro soma\u00a0a sua segunda edi\u00e7\u00e3o numa organiza\u00e7\u00e3o conjunta da C\u00e2mara Municipal da Chamusca e da Federa\u00e7\u00e3o de Triatlo de Portugal, com a parceria do Centro Cultural do Semideiro e N\u00facleo do Sporting da Goleg\u00e3.<\/p>\n<p>A mais importante competi\u00e7\u00e3o para as camadas de forma\u00e7\u00e3o chega \u00e0 regi\u00e3o ribatejana sob o formato de Duatlo. Consequentemente, os jovens atletas que aceitarem o desafio e assumirem a representa\u00e7\u00e3o dos seus clubes nesta segunda etapa do campeonato, dever\u00e3o cumprir dist\u00e2ncias que ser\u00e3o alinhas com o seu escal\u00e3o et\u00e1rio. Nesse sentido, ser\u00e3o dadas partidas com diferentes dist\u00e2ncias que se cumprir\u00e3o entre os 400m de corrida, 1km de ciclismo e 200m de corrida, e os 2km de corrida, 8km de ciclismo e 1km de corrida.<\/p>\n<p>No mesmo dia ser\u00e1 realizada uma prova aberta, destinada a todos os interessados em participar. A prova totalizar\u00e1 2km de corrida, 8km de ciclismo e 1km de corrida final, apresentando-se como uma \u00f3tima oportunidade para quem procura iniciar a modalidade.<\/p>\n<p>Desta forma, o\u00a0Semideiro marca o calend\u00e1rio competitivo nacional com uma oferta para todas as idades e onde se espera que o esp\u00edrito competitivo e harmonioso seja o melhor.<\/p>\n<p><a href=\"https:\/\/www.federacao-triatlo.pt\/ftp2015\/wp-content\/uploads\/2016\/12\/Regulamento-Duatlo-do-Semideiro-Chamusca-2017.pdf\">Regulamento<\/a><\/p>\n<p><a href=\"https:\/\/www.federacao-triatlo.pt\/ftp2015\/wp-content\/uploads\/2016\/12\/Percursos-Duatlo-do-Semideiro-Chamusca.pdf\">Percursos<\/a><\/p>\n","protected":false},"excerpt":{"rendered":"<p>A Chamusca volta a ser protagonista no quadro competitivo nacional [&hellip;]<\/p>\n","protected":false},"author":6506,"featured_media":6572,"comment_status":"closed","ping_status":"closed","sticky":false,"template":"","format":"standard","meta":{"footnotes":""},"categories":[2],"tags":[],"_links":{"self":[{"href":"https:\/\/www.federacao-triatlo.pt\/ftp2015\/wp-json\/wp\/v2\/posts\/17666"}],"collection":[{"href":"https:\/\/www.federacao-triatlo.pt\/ftp2015\/wp-json\/wp\/v2\/posts"}],"about":[{"href":"https:\/\/www.federacao-triatlo.pt\/ftp2015\/wp-json\/wp\/v2\/types\/post"}],"author":[{"embeddable":true,"href":"https:\/\/www.federacao-triatlo.pt\/ftp2015\/wp-json\/wp\/v2\/users\/6506"}],"replies":[{"embeddable":true,"href":"https:\/\/www.federacao-triatlo.pt\/ftp2015\/wp-json\/wp\/v2\/comments?post=17666"}],"version-history":[{"count":0,"href":"https:\/\/www.federacao-triatlo.pt\/ftp2015\/wp-json\/wp\/v2\/posts\/17666\/revisions"}],"wp:featuredmedia":[{"embeddable":true,"href":"https:\/\/www.federacao-triatlo.pt\/ftp2015\/wp-json\/wp\/v2\/media\/6572"}],"wp:attachment":[{"href":"https:\/\/www.federacao-triatlo.pt\/ftp2015\/wp-json\/wp\/v2\/media?parent=17666"}],"wp:term":[{"taxonomy":"category","embeddable":true,"href":"https:\/\/www.federacao-triatlo.pt\/ftp2015\/wp-json\/wp\/v2\/categories?post=17666"},{"taxonomy":"post_tag","embeddable":true,"href":"https:\/\/www.federacao-triatlo.pt\/ftp2015\/wp-json\/wp\/v2\/tags?post=17666"}],"curies":[{"name":"wp","href":"https:\/\/api.w.org\/{rel}","templated":true}]}}