{"id":17193,"date":"2017-01-30T20:13:54","date_gmt":"2017-01-30T20:13:54","guid":{"rendered":"https:\/\/www.federacao-triatlo.pt\/ftp2015\/?p=17193"},"modified":"2017-02-11T13:39:08","modified_gmt":"2017-02-11T13:39:08","slug":"torres-vedras-recebe-etapa-inaugural-do-cn-de-clubes","status":"publish","type":"post","link":"https:\/\/www.federacao-triatlo.pt\/ftp2015\/torres-vedras-recebe-etapa-inaugural-do-cn-de-clubes\/","title":{"rendered":"Torres Vedras recebe etapa inaugural do CN de Clubes"},"content":{"rendered":"<p>Organiza\u00e7\u00e3o conjunta da Associa\u00e7\u00e3o de Moradores Cultura e Recreio de Fonte Grada e da C\u00e2mara Municipal de Torres Vedras, com o apoio da Federa\u00e7\u00e3o de Triatlo de Portugal, o Duatlo de Torres Vedras volta a apresentar-se como marco no calend\u00e1rio competitivo Nacional. O evento que conta com a oitava edi\u00e7\u00e3o no pr\u00f3ximo dia 4 de Fevereiro ser\u00e1 palco da etapa inaugural do Campeonato Nacional de Clubes de Duatlo.<\/p>\n<p>Os duatletas que aceitarem o desafio de 5km de corrida, 19km de ciclismo e 2,5km de corrida ter\u00e3o de representar os seus clubes ao mais alto n\u00edvel naquela que ser\u00e1 a etapa que trar\u00e1 a lideran\u00e7a no Campeonato. O parque Verde da V\u00e1rzea acolher\u00e1 a competi\u00e7\u00e3o e receber\u00e1 ambos os segmentos de corrida. O ciclismo, percorrido em asfalto em excelentes condi\u00e7\u00f5es, permitir\u00e1 a disputa de uma prova r\u00e1pida e intensa.<\/p>\n<p>Torres Vedras tamb\u00e9m se apresentar\u00e1 como uma excelente oportunidade para os que procuram iniciar-se na modalidade. Com partida separada por dois minutos ser\u00e1 realizada uma prova aberta destinada a todos os interessados em participar.<\/p>\n<p>Esperamos a presen\u00e7a de um grande n\u00famero de participantes num evento que promete ser de grande conv\u00edvio e competitividade.<\/p>\n<p><a href=\"https:\/\/www.federacao-triatlo.pt\/ftp2015\/wp-content\/uploads\/2016\/12\/0Regulamento-Duatlo-Torres-Vedras-2.pdf\">Regulamento<\/a><\/p>\n<div><a href=\"https:\/\/www.federacao-triatlo.pt\/ftp2015\/wp-content\/uploads\/2016\/12\/PercursosDuatloTVedras2017-V5.pdf\">Percursos<\/a><\/div>\n","protected":false},"excerpt":{"rendered":"<p>Organiza\u00e7\u00e3o conjunta da Associa\u00e7\u00e3o de Moradores Cultura e Recreio de [&hellip;]<\/p>\n","protected":false},"author":6506,"featured_media":17194,"comment_status":"closed","ping_status":"closed","sticky":false,"template":"","format":"standard","meta":{"footnotes":""},"categories":[2],"tags":[],"_links":{"self":[{"href":"https:\/\/www.federacao-triatlo.pt\/ftp2015\/wp-json\/wp\/v2\/posts\/17193"}],"collection":[{"href":"https:\/\/www.federacao-triatlo.pt\/ftp2015\/wp-json\/wp\/v2\/posts"}],"about":[{"href":"https:\/\/www.federacao-triatlo.pt\/ftp2015\/wp-json\/wp\/v2\/types\/post"}],"author":[{"embeddable":true,"href":"https:\/\/www.federacao-triatlo.pt\/ftp2015\/wp-json\/wp\/v2\/users\/6506"}],"replies":[{"embeddable":true,"href":"https:\/\/www.federacao-triatlo.pt\/ftp2015\/wp-json\/wp\/v2\/comments?post=17193"}],"version-history":[{"count":0,"href":"https:\/\/www.federacao-triatlo.pt\/ftp2015\/wp-json\/wp\/v2\/posts\/17193\/revisions"}],"wp:featuredmedia":[{"embeddable":true,"href":"https:\/\/www.federacao-triatlo.pt\/ftp2015\/wp-json\/wp\/v2\/media\/17194"}],"wp:attachment":[{"href":"https:\/\/www.federacao-triatlo.pt\/ftp2015\/wp-json\/wp\/v2\/media?parent=17193"}],"wp:term":[{"taxonomy":"category","embeddable":true,"href":"https:\/\/www.federacao-triatlo.pt\/ftp2015\/wp-json\/wp\/v2\/categories?post=17193"},{"taxonomy":"post_tag","embeddable":true,"href":"https:\/\/www.federacao-triatlo.pt\/ftp2015\/wp-json\/wp\/v2\/tags?post=17193"}],"curies":[{"name":"wp","href":"https:\/\/api.w.org\/{rel}","templated":true}]}}