{"id":17126,"date":"2017-01-29T22:32:57","date_gmt":"2017-01-29T22:32:57","guid":{"rendered":"https:\/\/www.federacao-triatlo.pt\/ftp2015\/?p=17126"},"modified":"2017-01-30T10:27:13","modified_gmt":"2017-01-30T10:27:13","slug":"assembleia-geral-eleitoral-resultados-provisorios","status":"publish","type":"post","link":"https:\/\/www.federacao-triatlo.pt\/ftp2015\/assembleia-geral-eleitoral-resultados-provisorios\/","title":{"rendered":"Assembleia Geral Eleitoral &#8211; Resultados provis\u00f3rios"},"content":{"rendered":"<p>A Assembleia Geral Eleitoral, realizada esta tarde,\u00a0dia 29 de\u00a0Janeiro de 2017, realizou-se com o objectivo de elei\u00e7\u00e3o dos Delegados \u00e0 Assembleia Geral da Federa\u00e7\u00e3o de Triatlo de Portugal em representa\u00e7\u00e3o dos praticantes em regime de alto rendimento, dos \u00e1rbitros, dos praticantes, dos treinadores e dos clubes.<\/p>\n<p>Como resultado deste ato eleitoral apresentamos o escrut\u00ednio de votos obtidos e que representam os resultados provis\u00f3rios desta Assembleia Geral Eleitoral. A identifica\u00e7\u00e3o de situa\u00e7\u00f5es de empate levar\u00e1 a AG a informar, oportunamente, quais as condi\u00e7\u00f5es necess\u00e1rias para uma nova Assembleia Eleitoral de forma a eleger os delegados necess\u00e1rios e decidir os desempates obtidos.<\/p>\n<p><a href=\"https:\/\/www.federacao-triatlo.pt\/ftp2015\/wp-content\/uploads\/2017\/01\/Escrut\u00ednio-Elei\u00e7\u00e3o-Delegados-Clubes.pdf\">Escrut\u00ednio Elei\u00e7\u00e3o Delegados Clubes<\/a><\/p>\n<p><a href=\"https:\/\/www.federacao-triatlo.pt\/ftp2015\/wp-content\/uploads\/2017\/01\/Escrut\u00ednio-Elei\u00e7\u00e3o-Delegados-Praticantes.pdf\">Escrut\u00ednio Elei\u00e7\u00e3o Delegados Praticantes<\/a><\/p>\n<p><a href=\"https:\/\/www.federacao-triatlo.pt\/ftp2015\/wp-content\/uploads\/2017\/01\/Escrut\u00ednio-Elei\u00e7\u00e3o-Delegados-Praticantes-AR.pdf\">Escrut\u00ednio Elei\u00e7\u00e3o Delegados Praticantes AR<\/a><\/p>\n<p><a href=\"https:\/\/www.federacao-triatlo.pt\/ftp2015\/wp-content\/uploads\/2017\/01\/Escrut\u00ednio-Elei\u00e7\u00e3o-Delegados-\u00c1rbitros.pdf\">Escrut\u00ednio Elei\u00e7\u00e3o Delegados \u00c1rbitros<\/a><\/p>\n<p><a href=\"https:\/\/www.federacao-triatlo.pt\/ftp2015\/wp-content\/uploads\/2017\/01\/Escrut\u00ednio-Elei\u00e7\u00e3o-Delegados-Treinadores.pdf\">Escrut\u00ednio Elei\u00e7\u00e3o Delegados Treinadores<\/a><\/p>\n","protected":false},"excerpt":{"rendered":"<p>A Assembleia Geral Eleitoral, realizada esta tarde,\u00a0dia 29 de\u00a0Janeiro de [&hellip;]<\/p>\n","protected":false},"author":6506,"featured_media":17150,"comment_status":"closed","ping_status":"closed","sticky":false,"template":"","format":"standard","meta":{"footnotes":""},"categories":[2],"tags":[],"_links":{"self":[{"href":"https:\/\/www.federacao-triatlo.pt\/ftp2015\/wp-json\/wp\/v2\/posts\/17126"}],"collection":[{"href":"https:\/\/www.federacao-triatlo.pt\/ftp2015\/wp-json\/wp\/v2\/posts"}],"about":[{"href":"https:\/\/www.federacao-triatlo.pt\/ftp2015\/wp-json\/wp\/v2\/types\/post"}],"author":[{"embeddable":true,"href":"https:\/\/www.federacao-triatlo.pt\/ftp2015\/wp-json\/wp\/v2\/users\/6506"}],"replies":[{"embeddable":true,"href":"https:\/\/www.federacao-triatlo.pt\/ftp2015\/wp-json\/wp\/v2\/comments?post=17126"}],"version-history":[{"count":0,"href":"https:\/\/www.federacao-triatlo.pt\/ftp2015\/wp-json\/wp\/v2\/posts\/17126\/revisions"}],"wp:featuredmedia":[{"embeddable":true,"href":"https:\/\/www.federacao-triatlo.pt\/ftp2015\/wp-json\/wp\/v2\/media\/17150"}],"wp:attachment":[{"href":"https:\/\/www.federacao-triatlo.pt\/ftp2015\/wp-json\/wp\/v2\/media?parent=17126"}],"wp:term":[{"taxonomy":"category","embeddable":true,"href":"https:\/\/www.federacao-triatlo.pt\/ftp2015\/wp-json\/wp\/v2\/categories?post=17126"},{"taxonomy":"post_tag","embeddable":true,"href":"https:\/\/www.federacao-triatlo.pt\/ftp2015\/wp-json\/wp\/v2\/tags?post=17126"}],"curies":[{"name":"wp","href":"https:\/\/api.w.org\/{rel}","templated":true}]}}