{"id":16659,"date":"2017-01-18T21:52:22","date_gmt":"2017-01-18T21:52:22","guid":{"rendered":"https:\/\/www.federacao-triatlo.pt\/ftp2015\/?p=16659"},"modified":"2017-02-03T11:55:42","modified_gmt":"2017-02-03T11:55:42","slug":"criterios-de-selecao-para-2017-divulgados","status":"publish","type":"post","link":"https:\/\/www.federacao-triatlo.pt\/ftp2015\/criterios-de-selecao-para-2017-divulgados\/","title":{"rendered":"Crit\u00e9rios de sele\u00e7\u00e3o para 2017 divulgados"},"content":{"rendered":"<p>A Federa\u00e7\u00e3o de Triatlo de Portugal (FTP) publicou esta quinta-feira os Crit\u00e9rios de Sele\u00e7\u00e3o na temporada 2017 para as participa\u00e7\u00f5es internacionais dos atletas que tenham como ambi\u00e7\u00e3o a Sele\u00e7\u00e3o Nacional de Triatlo, Triatlo Longo, Duatlo e Paratriatlo.<\/p>\n<p>Conforme se pode ler no\u00a0<a href=\"https:\/\/www.federacao-triatlo.pt\/ftp2015\/wp-content\/uploads\/2017\/01\/Criterios_Sele\u00e7\u00e3o_2017.pdf\" target=\"_blank\"><strong>documento<\/strong><\/a>, que foi proposto pela Comiss\u00e3o T\u00e9cnica Nacional e aprovado pela Dire\u00e7\u00e3o da FTP, \u201cos principais objetivos da temporada 2017 passam por: colocar no Ranking ITU um lote de atletas, identificados nos anos anteriores, com potencial e perfil adequado para os Jogos Ol\u00edmpicos 2020; proporcionar experi\u00eancia internacional a atletas jovens e promissores com o perfil adequado para os Jogos Ol\u00edmpicos 2024; obter resultados de relevo nos Campeonatos da Europa e do Mundo dos diferentes escal\u00f5es (Youth, J\u00fanior, Sub23 e Elite).\u201d<\/p>\n<p>Num ano de prepara\u00e7\u00e3o para a qualifica\u00e7\u00e3o ol\u00edmpica com vista a T\u00f3quio 2020 interessa sobretudo proporcionar alguma tranquilidade aos atletas que disputaram os Jogos do Rio de Janeiro e formar novo grupo de trabalho, t\u00e3o alargado e com tanta experi\u00eancia internacional quanto poss\u00edvel para que, em 2018, no in\u00edcio do per\u00edodo de qualifica\u00e7\u00e3o, Portugal se apresente com uma equipa refor\u00e7ada em ambos os g\u00e9neros e com condi\u00e7\u00f5es para incluir mais atletas na disputa pelo t\u00e3o ambicionado lugar nos Jogos Ol\u00edmpicos.<\/p>\n<p>Mas interessa tamb\u00e9m garantir novos desafios e oportunidades competitivas \u00e0s jovens esperan\u00e7as, dando-lhes acesso a um patamar internacional inicial, com uma maior regularidade competitiva, que lhes permita aferir na primeira pessoa o n\u00edvel internacional e que lhes permita uma evolu\u00e7\u00e3o gradual e ajustada aos seus est\u00e1gios de matura\u00e7\u00e3o.<\/p>\n<p>Espera-se um ano repleto de sucessos desportivos para estes atletas!<\/p>\n<p><a href=\"https:\/\/www.federacao-triatlo.pt\/ftp2015\/wp-content\/uploads\/2017\/01\/Criterios_Sele\u00e7\u00e3o_2017-1.pdf\">Crit\u00e9rios de Sele\u00e7\u00e3o 2017<\/a>\u00a0(Vers\u00e3o revista a 21-01-2017 &#8211;\u00a0 inclus\u00e3o do Cut-Off 5% para os atletas masculinos e 8% para as atletas femininas)<\/p>\n","protected":false},"excerpt":{"rendered":"<p>A Federa\u00e7\u00e3o de Triatlo de Portugal (FTP) publicou esta quinta-feira [&hellip;]<\/p>\n","protected":false},"author":4,"featured_media":16660,"comment_status":"closed","ping_status":"closed","sticky":false,"template":"","format":"standard","meta":{"footnotes":""},"categories":[2],"tags":[],"_links":{"self":[{"href":"https:\/\/www.federacao-triatlo.pt\/ftp2015\/wp-json\/wp\/v2\/posts\/16659"}],"collection":[{"href":"https:\/\/www.federacao-triatlo.pt\/ftp2015\/wp-json\/wp\/v2\/posts"}],"about":[{"href":"https:\/\/www.federacao-triatlo.pt\/ftp2015\/wp-json\/wp\/v2\/types\/post"}],"author":[{"embeddable":true,"href":"https:\/\/www.federacao-triatlo.pt\/ftp2015\/wp-json\/wp\/v2\/users\/4"}],"replies":[{"embeddable":true,"href":"https:\/\/www.federacao-triatlo.pt\/ftp2015\/wp-json\/wp\/v2\/comments?post=16659"}],"version-history":[{"count":0,"href":"https:\/\/www.federacao-triatlo.pt\/ftp2015\/wp-json\/wp\/v2\/posts\/16659\/revisions"}],"wp:featuredmedia":[{"embeddable":true,"href":"https:\/\/www.federacao-triatlo.pt\/ftp2015\/wp-json\/wp\/v2\/media\/16660"}],"wp:attachment":[{"href":"https:\/\/www.federacao-triatlo.pt\/ftp2015\/wp-json\/wp\/v2\/media?parent=16659"}],"wp:term":[{"taxonomy":"category","embeddable":true,"href":"https:\/\/www.federacao-triatlo.pt\/ftp2015\/wp-json\/wp\/v2\/categories?post=16659"},{"taxonomy":"post_tag","embeddable":true,"href":"https:\/\/www.federacao-triatlo.pt\/ftp2015\/wp-json\/wp\/v2\/tags?post=16659"}],"curies":[{"name":"wp","href":"https:\/\/api.w.org\/{rel}","templated":true}]}}