{"id":16484,"date":"2017-01-13T22:00:37","date_gmt":"2017-01-13T22:00:37","guid":{"rendered":"https:\/\/www.federacao-triatlo.pt\/ftp2015\/?p=16484"},"modified":"2017-01-30T10:25:59","modified_gmt":"2017-01-30T10:25:59","slug":"assembleia-geral-ordinaria-29-01-2017","status":"publish","type":"post","link":"https:\/\/www.federacao-triatlo.pt\/ftp2015\/assembleia-geral-ordinaria-29-01-2017\/","title":{"rendered":"Assembleia Geral Ordin\u00e1ria 29-01-2017"},"content":{"rendered":"<p style=\"text-align: center;\">ASSEMBLEIA GERAL ORDIN\u00c1RIA<\/p>\n<p>&nbsp;<\/p>\n<p>Exmos. Clubes associados e delegados eleitos na qualidade de representantes de Treinadores, \u00c1rbitros, Praticantes no Regime de Alto Rendimento e Praticantes licenciados,<\/p>\n<p>Nos termos dos Art\u00bas 17 e 19\u00ba dos Estatutos, est\u00e1 convocada a Assembleia Geral Ordin\u00e1ria da Federa\u00e7\u00e3o de Triatlo de Portugal, para o dia 29 de Janeiro de 2017, pelas 13:30 horas e com uma dura\u00e7\u00e3o m\u00e1xima de duas horas, no Audit\u00f3rio do Museu do Neo-Realismo, Rua Alves Redol, n\u00ba 45, 2600 VILA FRANCA DE XIRA, com a seguinte ordem de trabalhos:<\/p>\n<ol>\n<li>Leitura e aprova\u00e7\u00e3o da ata da AG realizada em 18 de Mar\u00e7o de 2016;<\/li>\n<li>Aprecia\u00e7\u00e3o e vota\u00e7\u00e3o do Plano de Atividades e Or\u00e7amento para 2017;<\/li>\n<li>Outros assuntos de interesse da FTP.<\/li>\n<\/ol>\n<p>Nos termos do Art\u00ba 19\u00ba, n\u00ba 3, se \u00e0 hora marcada n\u00e3o estiverem presentes a maioria dos delegados com direito a voto, a Assembleia funcionar\u00e1, em segunda convoca\u00e7\u00e3o, meia hora depois, com qualquer n\u00famero de delegados e com car\u00e1ter deliberativo.<\/p>\n<p>Os documentos de suporte \u00e0 ordem de trabalhos ser\u00e3o enviados e publicados brevemente.<\/p>\n<p>Informamos que, com o objetivo de se agilizar a tarefa de acredita\u00e7\u00e3o dos delegados dos clubes e associa\u00e7\u00f5es regionais, recomenda-se que as nomea\u00e7\u00f5es e respectivas credenciais, efectuadas nos termos do Art\u00ba 14\u00ba dos Estatutos, sejam digitalizadas e remetidas por correio electr\u00f3nico para a sede da Federa\u00e7\u00e3o at\u00e9 \u00e0s 15:00 horas do dia 27 de Janeiro. No pr\u00f3prio dia da Assembleia Geral s\u00f3 ser\u00e3o aceites os documentos originais em papel.<\/p>\n<p><a href=\"https:\/\/www.federacao-triatlo.pt\/ftp2015\/wp-content\/uploads\/2017\/01\/2017-01-29-Convocat\u00f3ria_AGO.pdf\" target=\"_blank\">Convocat\u00f3ria Assembleia Geral Ordin\u00e1ria 29-01-2017<\/a><\/p>\n<p><a href=\"https:\/\/www.federacao-triatlo.pt\/ftp2015\/wp-content\/uploads\/2017\/01\/PAO_2017-Final.pdf\">Proposta de Plano de Atividades e Or\u00e7amento para 2017<\/a>\u00a0(20-01-2017|16:21)<\/p>\n<p><a href=\"https:\/\/www.federacao-triatlo.pt\/ftp2015\/wp-content\/uploads\/2017\/01\/X890921_17012614_46_10.pdf\">Relat\u00f3rio e Parecer do Conselho Fiscal &#8211; PAO 2017<\/a>\u00a0(26-01-2017|16:08)<\/p>\n<p><a href=\"https:\/\/www.federacao-triatlo.pt\/ftp2015\/wp-content\/uploads\/2017\/01\/Proposta-de-vencimento-do-Presidente-da-Federa\u00e7\u00e3o-de-Triatlo-de-Portugal....pdf\">Proposta de Vencimento do Presidente da Federa\u00e7\u00e3o de Triatlo de Portugal<\/a>\u00a0(28-01-2017|22:42)<\/p>\n<p><a href=\"https:\/\/www.federacao-triatlo.pt\/ftp2015\/wp-content\/uploads\/2017\/01\/PAO_2017-Final-1.pdf\">Proposta de Plano de Atividades e Or\u00e7amento para 2017 &#8211; Vers\u00e3o revista<\/a>\u00a0(28-01-2017|22:45)<\/p>\n","protected":false},"excerpt":{"rendered":"<p>ASSEMBLEIA GERAL ORDIN\u00c1RIA &nbsp; Exmos. Clubes associados e delegados eleitos [&hellip;]<\/p>\n","protected":false},"author":4,"featured_media":3111,"comment_status":"closed","ping_status":"closed","sticky":false,"template":"","format":"standard","meta":{"footnotes":""},"categories":[2],"tags":[],"_links":{"self":[{"href":"https:\/\/www.federacao-triatlo.pt\/ftp2015\/wp-json\/wp\/v2\/posts\/16484"}],"collection":[{"href":"https:\/\/www.federacao-triatlo.pt\/ftp2015\/wp-json\/wp\/v2\/posts"}],"about":[{"href":"https:\/\/www.federacao-triatlo.pt\/ftp2015\/wp-json\/wp\/v2\/types\/post"}],"author":[{"embeddable":true,"href":"https:\/\/www.federacao-triatlo.pt\/ftp2015\/wp-json\/wp\/v2\/users\/4"}],"replies":[{"embeddable":true,"href":"https:\/\/www.federacao-triatlo.pt\/ftp2015\/wp-json\/wp\/v2\/comments?post=16484"}],"version-history":[{"count":0,"href":"https:\/\/www.federacao-triatlo.pt\/ftp2015\/wp-json\/wp\/v2\/posts\/16484\/revisions"}],"wp:featuredmedia":[{"embeddable":true,"href":"https:\/\/www.federacao-triatlo.pt\/ftp2015\/wp-json\/wp\/v2\/media\/3111"}],"wp:attachment":[{"href":"https:\/\/www.federacao-triatlo.pt\/ftp2015\/wp-json\/wp\/v2\/media?parent=16484"}],"wp:term":[{"taxonomy":"category","embeddable":true,"href":"https:\/\/www.federacao-triatlo.pt\/ftp2015\/wp-json\/wp\/v2\/categories?post=16484"},{"taxonomy":"post_tag","embeddable":true,"href":"https:\/\/www.federacao-triatlo.pt\/ftp2015\/wp-json\/wp\/v2\/tags?post=16484"}],"curies":[{"name":"wp","href":"https:\/\/api.w.org\/{rel}","templated":true}]}}