{"id":16456,"date":"2017-01-13T11:10:11","date_gmt":"2017-01-13T11:10:11","guid":{"rendered":"https:\/\/www.federacao-triatlo.pt\/ftp2015\/?p=16456"},"modified":"2017-01-28T12:55:52","modified_gmt":"2017-01-28T12:55:52","slug":"vii-duatlo-da-ponta-do-sol-canhas-abre-calendario-desportivo-da-ftp","status":"publish","type":"post","link":"https:\/\/www.federacao-triatlo.pt\/ftp2015\/vii-duatlo-da-ponta-do-sol-canhas-abre-calendario-desportivo-da-ftp\/","title":{"rendered":"VII Duatlo da Ponta do Sol \u2013 Canhas abre calend\u00e1rio desportivo da FTP"},"content":{"rendered":"<p>Disputa-se na tarde de 21 de Janeiro, a primeira prova da nova \u00e9poca desportiva!<\/p>\n<p>A pacata Freguesia dos Canhas, Concelho da Ponta do Sol, na Madeira, ter\u00e1 as honras dessa abertura, com a 7\u00aa edi\u00e7\u00e3o do Duatlo da Ponta do Sol \u2013 Canhas.<\/p>\n<p>Este evento mant\u00e9m-se id\u00eantico \u00e0 edi\u00e7\u00e3o anterior, contando apenas com um encurtamento do segmento de corrida final.<br \/>\nO VII Duatlo da Ponta do Sol \u2013 Canhas 2017, \u00e9 uma constante no do Circuito Regional que desde o seu surgimento, sucedendo um interregno de quase 3 meses desde a \u00faltima prova da \u00e9poca passada, sendo sempre aguardada com enorme expectativa por todos os atletas. Sendo uma referencia desportiva para o Concelho da Ponta do Sol, onde \u00e9 not\u00f3ria a aposta em eventos desportivos em eventos desportivos deste g\u00e9nero, por parte da C\u00e2mara Municipal da Ponta do Sol, \u00e9 tamb\u00e9m vis\u00edvel o retorno local com a presen\u00e7a de cerca de centena e meia de atletas e seus familiares.<\/p>\n<p>O evento principal ter\u00e1 in\u00edcio pelas 15h00 da tarde de S\u00e1bado, no Centro da Freguesia dos Canhas, composta por 3 segmentos, na dist\u00e2ncia de Super-Sprint (2,3 Km de atletismo \/ 11,6 Km de ciclismo \/ 1 Km de atletismo), sendo o atletismo disputado nos arruamentos do Urbaniza\u00e7\u00e3o de Santa Teresa e reta dos Canhas e o ciclismo num percurso espetacular, e que percorrer\u00e1 grande parte da Freguesia dos Canhas. Seguir-se-\u00e3o v\u00e1rias competi\u00e7\u00f5es destinadas aos mais jovens (a partir das 16h30), prevendo-se a entrega de pr\u00e9mios para as 18h15, junto \u00e0 meta situada na Urbaniza\u00e7\u00e3o de Santa Teresa.<\/p>\n<p>A competi\u00e7\u00e3o constituir\u00e1 a <strong>1\u00aa Etapa para diversos campeonatos Regionais Powerade<\/strong>, raz\u00e3o pela qual estar\u00e3o em competi\u00e7\u00e3o todos os principais atletas regionais, pertencentes aos 7 clubes associados.<\/p>\n<p>A prova estar\u00e1 a cargo da Associa\u00e7\u00e3o Regional de Triatlo da Madeira, contando com um forte apoio da Federa\u00e7\u00e3o de Triatlo de Portugal, do Munic\u00edpio da Ponta do Sol e Junta de Freguesia dos Canhas, assim como com apoios institucionais da SER-DRJD, AMDpt e da FTP, e parceiros privados, Coca-Cola European Partners, Europcar, MZ Bike, Autozapecar, Cl\u00ednica Dent\u00e1ria do F\u00f3rum Machico.<\/p>\n<p><a href=\"https:\/\/www.federacao-triatlo.pt\/ftp2015\/wp-content\/uploads\/2017\/01\/Regulamento-Duatlo-dos-Calhas-2017.pdf\">Regulamento Duatlo dos Canhas &#8211; 2017<br \/>\n<\/a><a href=\"https:\/\/www.federacao-triatlo.pt\/ftp2015\/wp-content\/uploads\/2017\/01\/iniciados-Canhas-1.pdf\">iniciados &#8211; Canhas<br \/>\n<\/a><a href=\"https:\/\/www.federacao-triatlo.pt\/ftp2015\/wp-content\/uploads\/2017\/01\/Infantis-Canhas.pdf\">Infantis &#8211; Canhas<br \/>\n<\/a><a href=\"https:\/\/www.federacao-triatlo.pt\/ftp2015\/wp-content\/uploads\/2017\/01\/Benjamins-Canhas.pdf\">Benjamins &#8211; Canhas<\/a><\/p>\n","protected":false},"excerpt":{"rendered":"<p>Disputa-se na tarde de 21 de Janeiro, a primeira prova [&hellip;]<\/p>\n","protected":false},"author":4,"featured_media":16459,"comment_status":"closed","ping_status":"closed","sticky":false,"template":"","format":"standard","meta":{"footnotes":""},"categories":[2],"tags":[],"_links":{"self":[{"href":"https:\/\/www.federacao-triatlo.pt\/ftp2015\/wp-json\/wp\/v2\/posts\/16456"}],"collection":[{"href":"https:\/\/www.federacao-triatlo.pt\/ftp2015\/wp-json\/wp\/v2\/posts"}],"about":[{"href":"https:\/\/www.federacao-triatlo.pt\/ftp2015\/wp-json\/wp\/v2\/types\/post"}],"author":[{"embeddable":true,"href":"https:\/\/www.federacao-triatlo.pt\/ftp2015\/wp-json\/wp\/v2\/users\/4"}],"replies":[{"embeddable":true,"href":"https:\/\/www.federacao-triatlo.pt\/ftp2015\/wp-json\/wp\/v2\/comments?post=16456"}],"version-history":[{"count":0,"href":"https:\/\/www.federacao-triatlo.pt\/ftp2015\/wp-json\/wp\/v2\/posts\/16456\/revisions"}],"wp:featuredmedia":[{"embeddable":true,"href":"https:\/\/www.federacao-triatlo.pt\/ftp2015\/wp-json\/wp\/v2\/media\/16459"}],"wp:attachment":[{"href":"https:\/\/www.federacao-triatlo.pt\/ftp2015\/wp-json\/wp\/v2\/media?parent=16456"}],"wp:term":[{"taxonomy":"category","embeddable":true,"href":"https:\/\/www.federacao-triatlo.pt\/ftp2015\/wp-json\/wp\/v2\/categories?post=16456"},{"taxonomy":"post_tag","embeddable":true,"href":"https:\/\/www.federacao-triatlo.pt\/ftp2015\/wp-json\/wp\/v2\/tags?post=16456"}],"curies":[{"name":"wp","href":"https:\/\/api.w.org\/{rel}","templated":true}]}}