{"id":16418,"date":"2017-01-12T14:59:24","date_gmt":"2017-01-12T14:59:24","guid":{"rendered":"https:\/\/www.federacao-triatlo.pt\/ftp2015\/?p=16418"},"modified":"2017-01-28T12:56:10","modified_gmt":"2017-01-28T12:56:10","slug":"bem-vindos-a-festa-do-triatlo-2016","status":"publish","type":"post","link":"https:\/\/www.federacao-triatlo.pt\/ftp2015\/bem-vindos-a-festa-do-triatlo-2016\/","title":{"rendered":"Festa do Triatlo 2016 | 22 de Janeiro 2017"},"content":{"rendered":"<div class=\"gmail_default\"><span style=\"color: #000000;\">Bem vindos \u00e0 Festa do Triatlo 2016<\/span><\/div>\n<div class=\"gmail_default\"><\/div>\n<div class=\"gmail_default\"><span style=\"color: #000000;\">Esta celebra\u00e7\u00e3o ir\u00e1 come\u00e7ar com \u00a0um treino de conv\u00edvio no munic\u00edpio, com ponto de encontro nas piscinas da Chamusca e com programas para todos os gostos e idades. Para se inscrever neste treino ter\u00e1 de usar o formul\u00e1rio de inscri\u00e7\u00e3o, que pode encontrar\u00a0<a href=\"https:\/\/goo.gl\/forms\/FsmD0Ve0l7sIGrDs2\" target=\"_blank\" data-saferedirecturl=\"https:\/\/www.google.com\/url?hl=pt-PT&amp;q=https:\/\/goo.gl\/forms\/FsmD0Ve0l7sIGrDs2&amp;source=gmail&amp;ust=1484319075659000&amp;usg=AFQjCNEAAXWgXShu1Vhtf5Vgbv815mk1XQ\">AQUI<\/a><\/span><\/div>\n<div class=\"gmail_default\"><span style=\"color: #000000;\">\u00a0<\/span><\/div>\n<div class=\"gmail_default\"><span style=\"color: #000000;\">De seguida, poder\u00e1 juntar-se\u00a0<span style=\"font-family: 'trebuchet ms', sans-serif;\">a n\u00f3s num almo\u00e7o conv\u00edvio no restaurante &#8220;Paragem da Ponte&#8221;. Esta refei\u00e7\u00e3o tem um pre\u00e7o de 15\u20ac por pessoa (7,5\u20ac para menores de 10 anos) e \u00e9 constitu\u00edda por: entradas (salgados), sopa (legumes), prato de peixe (bacalhau com natas) ou de carne (lombo assado com arroz e legumes salteados), bebidas, sobremesa e caf\u00e9. Para reservar o seu lugar ter\u00e1 de enviar email para\u00a0<a href=\"mailto:festadotriatlo@gmail.com\" target=\"_blank\">festadotriatlo@gmail.com<\/a>, at\u00e9 ao dia 18 de Janeiro.<\/span><\/span><\/div>\n<div class=\"gmail_default\"><span style=\"color: #000000; font-family: 'trebuchet ms', sans-serif;\">\u00a0<\/span><\/div>\n<div class=\"gmail_default\"><span style=\"color: #000000; font-family: 'trebuchet ms', sans-serif;\">Finalmente ter\u00e1 inicio a cerim\u00f3nia de entrega de pr\u00e9mios dos campeonatos nacionais de 2016, no Cineteatro da Chamusca, entre as 14h30 e as 19h00, onde este ano iremos estrear a atribui\u00e7\u00e3o de Men\u00e7\u00f5es Honrosas e ainda o Pr\u00e9mio Esp\u00edrito Desportivo.<\/span><\/div>\n<div class=\"gmail_default\"><span style=\"color: #000000; font-family: 'trebuchet ms', sans-serif;\">\u00a0<\/span><\/div>\n<div class=\"gmail_default\"><span style=\"color: #000000; font-family: 'trebuchet ms', sans-serif;\">Contamos com a presen\u00e7a de todos para homenagear os her\u00f3is da \u00e9poca 2016.<\/span><\/div>\n<div class=\"gmail_default\"><span style=\"color: #000000; font-family: 'trebuchet ms', sans-serif;\">\u00a0<\/span><\/div>\n<div class=\"gmail_default\"><span style=\"color: #000000; font-family: 'trebuchet ms', sans-serif;\">At\u00e9 breve<\/span><\/div>\n<div class=\"gmail_default\"><\/div>\n<div class=\"gmail_default\"><a href=\"https:\/\/www.federacao-triatlo.pt\/ftp2015\/wp-content\/uploads\/2017\/01\/Treino-Convi\u0301vio-1.pdf\">Treino Convi\u0301vio Festa do Triatlo 2016<\/a><\/div>\n<div class=\"gmail_default\"><\/div>\n<div class=\"gmail_default\"><a href=\"https:\/\/goo.gl\/forms\/uuMww55eygMoiFog2\">Formul\u00e1rio Treino Conv\u00edvio<\/a><\/div>\n<div class=\"gmail_default\"><\/div>\n<div class=\"gmail_default\"><a href=\"https:\/\/www.federacao-triatlo.pt\/ftp2015\/wp-content\/uploads\/2017\/01\/Programa.pdf\">Programa Festa do Triatlo 2016<\/a><\/div>\n<div class=\"gmail_default\"><\/div>\n<div class=\"gmail_default\"><a href=\"https:\/\/www.federacao-triatlo.pt\/ftp2015\/wp-content\/uploads\/2017\/01\/Classif-Finais-3-PRIM-Compet-Nacionais-2016-Versao4-1.xlsx\">P\u00f3dios 2016<\/a><\/div>\n","protected":false},"excerpt":{"rendered":"<p>Bem vindos \u00e0 Festa do Triatlo 2016 Esta celebra\u00e7\u00e3o ir\u00e1 [&hellip;]<\/p>\n","protected":false},"author":4,"featured_media":16442,"comment_status":"closed","ping_status":"closed","sticky":false,"template":"","format":"standard","meta":{"footnotes":""},"categories":[2],"tags":[],"_links":{"self":[{"href":"https:\/\/www.federacao-triatlo.pt\/ftp2015\/wp-json\/wp\/v2\/posts\/16418"}],"collection":[{"href":"https:\/\/www.federacao-triatlo.pt\/ftp2015\/wp-json\/wp\/v2\/posts"}],"about":[{"href":"https:\/\/www.federacao-triatlo.pt\/ftp2015\/wp-json\/wp\/v2\/types\/post"}],"author":[{"embeddable":true,"href":"https:\/\/www.federacao-triatlo.pt\/ftp2015\/wp-json\/wp\/v2\/users\/4"}],"replies":[{"embeddable":true,"href":"https:\/\/www.federacao-triatlo.pt\/ftp2015\/wp-json\/wp\/v2\/comments?post=16418"}],"version-history":[{"count":0,"href":"https:\/\/www.federacao-triatlo.pt\/ftp2015\/wp-json\/wp\/v2\/posts\/16418\/revisions"}],"wp:featuredmedia":[{"embeddable":true,"href":"https:\/\/www.federacao-triatlo.pt\/ftp2015\/wp-json\/wp\/v2\/media\/16442"}],"wp:attachment":[{"href":"https:\/\/www.federacao-triatlo.pt\/ftp2015\/wp-json\/wp\/v2\/media?parent=16418"}],"wp:term":[{"taxonomy":"category","embeddable":true,"href":"https:\/\/www.federacao-triatlo.pt\/ftp2015\/wp-json\/wp\/v2\/categories?post=16418"},{"taxonomy":"post_tag","embeddable":true,"href":"https:\/\/www.federacao-triatlo.pt\/ftp2015\/wp-json\/wp\/v2\/tags?post=16418"}],"curies":[{"name":"wp","href":"https:\/\/api.w.org\/{rel}","templated":true}]}}