{"id":109145,"date":"2026-09-05T15:46:38","date_gmt":"2026-09-05T14:46:38","guid":{"rendered":"https:\/\/www.federacao-triatlo.pt\/ftp2015\/?p=109145"},"modified":"2026-09-05T15:47:12","modified_gmt":"2026-09-05T14:47:12","slug":"taca-do-mundo-de-paratriatlo-filipe-marques-de-ouro-e-ana-duarte-de-bronze-em-alhandra","status":"publish","type":"post","link":"https:\/\/www.federacao-triatlo.pt\/ftp2015\/taca-do-mundo-de-paratriatlo-filipe-marques-de-ouro-e-ana-duarte-de-bronze-em-alhandra\/","title":{"rendered":"Ta\u00e7a do Mundo de Paratriatlo: Filipe Marques de ouro e Ana Duarte de bronze em Alhandra"},"content":{"rendered":"<p class=\"isSelectedEnd\"><strong>Portugal conquistou este s\u00e1bado dois p\u00f3dios na Ta\u00e7a do Mundo de Paratriatlo de Alhandra. Filipe Marques venceu a competi\u00e7\u00e3o na categoria PTS5, enquanto Ana L\u00facia Duarte terminou no terceiro lugar, coroando com um p\u00f3dio a sua estreia em competi\u00e7\u00f5es internacionais ao servi\u00e7o da Sele\u00e7\u00e3o Nacional.<\/strong><\/p>\n<p class=\"isSelectedEnd\">A oitava edi\u00e7\u00e3o da Ta\u00e7a do Mundo de Paratriatlo de Alhandra voltou a trazer alguns dos melhores paratriatletas internacionais a Portugal, com cerca de 80 atletas a competirem durante a manh\u00e3 deste s\u00e1bado, 5 de setembro, no Passeio Pedonal de Alhandra.<\/p>\n<p class=\"isSelectedEnd\">E a competi\u00e7\u00e3o terminou da melhor forma para as cores portuguesas, com os dois representantes nacionais a subirem ao p\u00f3dio. Filipe Marques voltou a mostrar a liga\u00e7\u00e3o especial que mant\u00e9m com Alhandra e venceu a prova masculina da categoria PTS5, completando a competi\u00e7\u00e3o em 58m36s e deixando o brasileiro Ruiter Antonio Gon\u00e7alves Silva no segundo lugar, a 31 segundos. O grego Panagiotis Alevizos completou o p\u00f3dio, com 1h10m38s.<\/p>\n<p class=\"isSelectedEnd\">Tamb\u00e9m especial foi a manh\u00e3 de Ana L\u00facia Duarte. Na sua primeira competi\u00e7\u00e3o internacional em representa\u00e7\u00e3o da Sele\u00e7\u00e3o Nacional de Paratriatlo, a portuguesa terminou no terceiro lugar e garantiu desde logo um lugar no p\u00f3dio da Ta\u00e7a do Mundo.<\/p>\n<p>Um resultado que ganha ainda maior significado pelo percurso da atleta, que realizou o primeiro triatlo apenas aos 35 anos, quando vivia em Inglaterra. Depois de regressar a Portugal, juntou-se \u00e0 equipa do Sporting em 2024 e iniciou o processo de classifica\u00e7\u00e3o como paratriatleta.<\/p>\n<p>A vit\u00f3ria pertenceu \u00e0 brasileira Erica Da Rosa Rodrigues, que dominou a competi\u00e7\u00e3o e terminou em 1h07m31s. A espanhola Maria Fuertes Artigot foi segunda, com 1h11m16s.<\/p>\n","protected":false},"excerpt":{"rendered":"<p>Portugal conquistou este s\u00e1bado dois p\u00f3dios na Ta\u00e7a do Mundo [&hellip;]<\/p>\n","protected":false},"author":16153,"featured_media":109146,"comment_status":"closed","ping_status":"closed","sticky":false,"template":"","format":"standard","meta":{"footnotes":""},"categories":[9,2],"tags":[],"_links":{"self":[{"href":"https:\/\/www.federacao-triatlo.pt\/ftp2015\/wp-json\/wp\/v2\/posts\/109145"}],"collection":[{"href":"https:\/\/www.federacao-triatlo.pt\/ftp2015\/wp-json\/wp\/v2\/posts"}],"about":[{"href":"https:\/\/www.federacao-triatlo.pt\/ftp2015\/wp-json\/wp\/v2\/types\/post"}],"author":[{"embeddable":true,"href":"https:\/\/www.federacao-triatlo.pt\/ftp2015\/wp-json\/wp\/v2\/users\/16153"}],"replies":[{"embeddable":true,"href":"https:\/\/www.federacao-triatlo.pt\/ftp2015\/wp-json\/wp\/v2\/comments?post=109145"}],"version-history":[{"count":1,"href":"https:\/\/www.federacao-triatlo.pt\/ftp2015\/wp-json\/wp\/v2\/posts\/109145\/revisions"}],"predecessor-version":[{"id":109147,"href":"https:\/\/www.federacao-triatlo.pt\/ftp2015\/wp-json\/wp\/v2\/posts\/109145\/revisions\/109147"}],"wp:featuredmedia":[{"embeddable":true,"href":"https:\/\/www.federacao-triatlo.pt\/ftp2015\/wp-json\/wp\/v2\/media\/109146"}],"wp:attachment":[{"href":"https:\/\/www.federacao-triatlo.pt\/ftp2015\/wp-json\/wp\/v2\/media?parent=109145"}],"wp:term":[{"taxonomy":"category","embeddable":true,"href":"https:\/\/www.federacao-triatlo.pt\/ftp2015\/wp-json\/wp\/v2\/categories?post=109145"},{"taxonomy":"post_tag","embeddable":true,"href":"https:\/\/www.federacao-triatlo.pt\/ftp2015\/wp-json\/wp\/v2\/tags?post=109145"}],"curies":[{"name":"wp","href":"https:\/\/api.w.org\/{rel}","templated":true}]}}