{"id":109120,"date":"2026-09-03T19:05:10","date_gmt":"2026-09-03T18:05:10","guid":{"rendered":"https:\/\/www.federacao-triatlo.pt\/ftp2015\/?p=109120"},"modified":"2026-09-03T19:05:10","modified_gmt":"2026-09-03T18:05:10","slug":"motorpor-prolonga-parceria-com-ftp","status":"publish","type":"post","link":"https:\/\/www.federacao-triatlo.pt\/ftp2015\/motorpor-prolonga-parceria-com-ftp\/","title":{"rendered":"MOTORPOR prolonga parceria com FTP"},"content":{"rendered":"<p class=\"PDq2pG_selectionAnchorContainer\" data-start=\"288\" data-end=\"662\">A MOTORPOR surge, mais uma vez, como parceira da Federa\u00e7\u00e3o de Triatlo de Portugal na organiza\u00e7\u00e3o de provas internacionais. Depois da Ta\u00e7a da Europa, em Quarteira, o Grupo Autom\u00f3vel volta a garantir o transporte dos atletas de Elite, desta vez de alguns dos melhores paratriatletas internacionais que participam, este s\u00e1bado, na Ta\u00e7a do Mundo de Paratriatlo, em Alhandra.<\/p>\n<p data-start=\"667\" data-end=\"875\">A continuidade desta parceria demonstra o reconhecimento, por parte da MOTORPOR, do valor da associa\u00e7\u00e3o \u00e0 FTP e \u00e0s suas competi\u00e7\u00f5es internacionais, numa rela\u00e7\u00e3o que tem sido positiva para ambas as partes.<\/p>\n<p data-start=\"880\" data-end=\"1070\">A FTP agradece, mais uma vez, ao Grupo MOTORPOR pela ced\u00eancia de v\u00e1rias viaturas, que contribuem de forma not\u00f3ria para a qualidade e excel\u00eancia desta importante competi\u00e7\u00e3o internacional.<\/p>\n<p data-start=\"1075\" data-end=\"1354\">A MOTORPOR det\u00e9m empresas com mais de 50 anos de atividade no setor autom\u00f3vel. Atualmente, representa mais de 20 marcas e abrange todo o territ\u00f3rio nacional, com pontos de venda de viaturas novas e usadas, reparadores autorizados, centros de colis\u00e3o e esta\u00e7\u00f5es de Rent-a-Car.<\/p>\n<p>&nbsp;<\/p>\n","protected":false},"excerpt":{"rendered":"<p>A MOTORPOR surge, mais uma vez, como parceira da Federa\u00e7\u00e3o [&hellip;]<\/p>\n","protected":false},"author":19200,"featured_media":109123,"comment_status":"closed","ping_status":"closed","sticky":false,"template":"","format":"standard","meta":{"footnotes":""},"categories":[2],"tags":[],"_links":{"self":[{"href":"https:\/\/www.federacao-triatlo.pt\/ftp2015\/wp-json\/wp\/v2\/posts\/109120"}],"collection":[{"href":"https:\/\/www.federacao-triatlo.pt\/ftp2015\/wp-json\/wp\/v2\/posts"}],"about":[{"href":"https:\/\/www.federacao-triatlo.pt\/ftp2015\/wp-json\/wp\/v2\/types\/post"}],"author":[{"embeddable":true,"href":"https:\/\/www.federacao-triatlo.pt\/ftp2015\/wp-json\/wp\/v2\/users\/19200"}],"replies":[{"embeddable":true,"href":"https:\/\/www.federacao-triatlo.pt\/ftp2015\/wp-json\/wp\/v2\/comments?post=109120"}],"version-history":[{"count":1,"href":"https:\/\/www.federacao-triatlo.pt\/ftp2015\/wp-json\/wp\/v2\/posts\/109120\/revisions"}],"predecessor-version":[{"id":109121,"href":"https:\/\/www.federacao-triatlo.pt\/ftp2015\/wp-json\/wp\/v2\/posts\/109120\/revisions\/109121"}],"wp:featuredmedia":[{"embeddable":true,"href":"https:\/\/www.federacao-triatlo.pt\/ftp2015\/wp-json\/wp\/v2\/media\/109123"}],"wp:attachment":[{"href":"https:\/\/www.federacao-triatlo.pt\/ftp2015\/wp-json\/wp\/v2\/media?parent=109120"}],"wp:term":[{"taxonomy":"category","embeddable":true,"href":"https:\/\/www.federacao-triatlo.pt\/ftp2015\/wp-json\/wp\/v2\/categories?post=109120"},{"taxonomy":"post_tag","embeddable":true,"href":"https:\/\/www.federacao-triatlo.pt\/ftp2015\/wp-json\/wp\/v2\/tags?post=109120"}],"curies":[{"name":"wp","href":"https:\/\/api.w.org\/{rel}","templated":true}]}}